{"id":16751,"date":"2025-07-03T18:03:14","date_gmt":"2025-07-03T18:03:14","guid":{"rendered":"https:\/\/ladepeche.mr\/?p=16751"},"modified":"2025-07-03T22:52:53","modified_gmt":"2025-07-03T22:52:53","slug":"monde-le-president-ghazouani-parmi-la-shortlist-des-presidents-africains-invites-par-d-trump","status":"publish","type":"post","link":"https:\/\/ladepeche.mr\/?p=16751","title":{"rendered":"Monde: Le pr\u00e9sident Ghazouani parmi la shortlist des pr\u00e9sidents africains invit\u00e9s par D. Trump"},"content":{"rendered":"<p>Le pr\u00e9sident de la R\u00e9publique, Mohamed Ould Ghazouani, fait partie des 5 pr\u00e9sidents africains sur lesquels a port\u00e9 le choix du pr\u00e9sident am\u00e9ricain, Donalad Trump, pour prendre part, du 9 au 11 juillet, \u00e0 Washington au sommet, sur les opportunit\u00e9s \u00e9conomiques en Afrique, notamment dans le secteur des minerais critiques, et sur les enjeux de s\u00e9curit\u00e9 r\u00e9gionale.<\/p>\n<p>Le pr\u00e9sident Ghazouani sera accompagn\u00e9 dans ce s\u00e9jour aux USA qui intervient apr\u00e8s l&#8217;officialisation par D. Trump de la fin des hostilit\u00e9s entre le Rwanda et la RD du Congo, par les pr\u00e9sidents du Gabon, de la Guin\u00e9e-Bissau, du Liberia et du S\u00e9n\u00e9gal.<\/p>\n<p>Le s\u00e9jour sera marqu\u00e9 par un d\u00e9jeuner officiel le 9 juillet et plusieurs sessions th\u00e9matiques. Cette rencontre vient en droite ligne de la nouvelle ligne am\u00e9ricaine vis-\u00e0-vis de l&#8217;Afrique qui rompt avec &#8220;le mod\u00e8le classique de l\u2019aide publique au d\u00e9veloppement&#8221; et qui met d\u00e9sormais &#8220;l\u2019accent (&#8230;) sur les partenariats commerciaux \u00ab gagnant-gagnant \u00bb.<\/p>\n<p>Malgr\u00e9 la mise \u00e0 fin de son aide directe \u00e0 travers l&#8217;ex USAID, le pr\u00e9sident Trump estimerait que \u00ab les pays africains offrent d\u2019incroyables opportunit\u00e9s commerciales, qui profitent \u00e0 la fois au peuple am\u00e9ricain et \u00e0 nos partenaires africains \u00bb.<\/p>\n<p>Les discussions porteront donc sur le partenariat &#8220;win-win&#8221; essentiel pour les approvisionnements am\u00e9ricaines, &#8220;notamment dans les secteurs de l\u2019\u00e9lectronique et de la transition \u00e9nerg\u00e9tique&#8221; expliquent les m\u00eames sources et les int\u00e9r\u00eats des pays africains eux-m\u00eames.<\/p>\n<p>Cette premi\u00e8re rencontre est organis\u00e9e, rappelle-t-on, en pr\u00e9lude \u00e0 un sommet &#8220;plus large&#8221; entre les \u00c9tats-Unis et l\u2019Afrique annonc\u00e9 pour septembre, en marge de l\u2019Assembl\u00e9e g\u00e9n\u00e9rale des Nations unies \u00e0 New York.<\/p>\n","protected":false},"excerpt":{"rendered":"<p>Le pr\u00e9sident de la R\u00e9publique, Mohamed Ould Ghazouani, fait partie des 5 pr\u00e9sidents africains sur lesquels a port\u00e9 le choix du pr\u00e9sident am\u00e9ricain, Donalad Trump, pour prendre part, du 9 au 11 juillet, \u00e0 Washington au sommet, sur les opportunit\u00e9s \u00e9conomiques en Afrique, notamment dans le secteur des minerais critiques, et sur les enjeux de &hellip;<\/p>\n","protected":false},"author":2,"featured_media":16752,"comment_status":"open","ping_status":"open","sticky":false,"template":"","format":"standard","meta":{"footnotes":""},"categories":[18,29],"tags":[],"class_list":["post-16751","post","type-post","status-publish","format-standard","has-post-thumbnail","hentry","category-actualites","category-monde"],"_links":{"self":[{"href":"https:\/\/ladepeche.mr\/index.php?rest_route=\/wp\/v2\/posts\/16751","targetHints":{"allow":["GET"]}}],"collection":[{"href":"https:\/\/ladepeche.mr\/index.php?rest_route=\/wp\/v2\/posts"}],"about":[{"href":"https:\/\/ladepeche.mr\/index.php?rest_route=\/wp\/v2\/types\/post"}],"author":[{"embeddable":true,"href":"https:\/\/ladepeche.mr\/index.php?rest_route=\/wp\/v2\/users\/2"}],"replies":[{"embeddable":true,"href":"https:\/\/ladepeche.mr\/index.php?rest_route=%2Fwp%2Fv2%2Fcomments&post=16751"}],"version-history":[{"count":1,"href":"https:\/\/ladepeche.mr\/index.php?rest_route=\/wp\/v2\/posts\/16751\/revisions"}],"predecessor-version":[{"id":16753,"href":"https:\/\/ladepeche.mr\/index.php?rest_route=\/wp\/v2\/posts\/16751\/revisions\/16753"}],"wp:featuredmedia":[{"embeddable":true,"href":"https:\/\/ladepeche.mr\/index.php?rest_route=\/wp\/v2\/media\/16752"}],"wp:attachment":[{"href":"https:\/\/ladepeche.mr\/index.php?rest_route=%2Fwp%2Fv2%2Fmedia&parent=16751"}],"wp:term":[{"taxonomy":"category","embeddable":true,"href":"https:\/\/ladepeche.mr\/index.php?rest_route=%2Fwp%2Fv2%2Fcategories&post=16751"},{"taxonomy":"post_tag","embeddable":true,"href":"https:\/\/ladepeche.mr\/index.php?rest_route=%2Fwp%2Fv2%2Ftags&post=16751"}],"curies":[{"name":"wp","href":"https:\/\/api.w.org\/{rel}","templated":true}]}}