{"id":16758,"date":"2025-07-03T22:30:29","date_gmt":"2025-07-03T22:30:29","guid":{"rendered":"https:\/\/ladepeche.mr\/?p=16758"},"modified":"2025-07-03T22:52:19","modified_gmt":"2025-07-03T22:52:19","slug":"la-mauritanie-sengage-pour-le-climat-avec-le-lancement-du-projet-regional-suraggwa","status":"publish","type":"post","link":"https:\/\/ladepeche.mr\/?p=16758","title":{"rendered":"La Mauritanie s\u2019engage pour le climat avec le lancement du projet r\u00e9gional SURAGGWA"},"content":{"rendered":"<p>La Mauritanie a franchi, ce jeudi, un pas important dans la lutte contre la d\u00e9gradation des terres et le changement climatique \u00e0 l&#8217;occasion de la signature, en pr\u00e9sence de la ministre de l\u2019Environnement et du D\u00e9veloppement durable, Messouda Baham Mohamed Laghdaf, la c\u00e9r\u00e9monie de signature de l\u2019accord d\u2019ex\u00e9cution du projet r\u00e9gional SURAGGWA. La c\u00e9r\u00e9monie s&#8217;est d\u00e9roul\u00e9e \u00e0 Nouakchott et constitue une initiative commune aux huit pays sah\u00e9liens membres de l\u2019Agence Panafricaine de la Grande Muraille Verte (APGMV).<br \/>\nLa c\u00e9r\u00e9monie s\u2019est tenue dans les locaux du minist\u00e8re, en pr\u00e9sence de plusieurs personnalit\u00e9s, dont le Secr\u00e9taire g\u00e9n\u00e9ral du minist\u00e8re, Moulaye Brahim Moulay Driss, le repr\u00e9sentant de la FAO, Mohamed Bengoumi, le Secr\u00e9taire ex\u00e9cutif de l\u2019APGMV, Brahim Said, et le Directeur g\u00e9n\u00e9ral de l\u2019Agence nationale de la Grande Muraille Verte, Sidna Ahmed Ely.<\/p>\n<p>Il s&#8217;agit d&#8217;un projet d\u2019envergure r\u00e9gionale, financ\u00e9 par le Fonds Vert pour le Climat (GCF) et mis en \u0153uvre par l\u2019Organisation des Nations unies pour l\u2019alimentation et l\u2019agriculture (FAO). Le projet SURAGGWA ambitionne de renforcer la r\u00e9silience des communaut\u00e9s rurales et des \u00e9cosyst\u00e8mes du Sahel. Il s\u2019inscrit dans le cadre des efforts de restauration des terres d\u00e9grad\u00e9es et de lutte contre la pauvret\u00e9 rurale.<br \/>\nEn Mauritanie, les interventions se concentreront sur les zones agro-sylvo-pastorales situ\u00e9es le long du trac\u00e9 de la Grande Muraille Verte. Les sites seront s\u00e9lectionn\u00e9s sur la base de crit\u00e8res d\u00e9finis dans le manuel op\u00e9rationnel du projet, en coh\u00e9rence avec les priorit\u00e9s nationales.<br \/>\nObjectifs multiples pour un impact durable<br \/>\nSURAGGWA vise notamment \u00e0 :<br \/>\n\u2022 Restaurer durablement les terres d\u00e9grad\u00e9es ;<br \/>\n\u2022 Valoriser les produits forestiers non ligneux ;<br \/>\n\u2022 D\u00e9velopper des activit\u00e9s \u00e9conomiques durables, int\u00e9gr\u00e9es aux march\u00e9s du carbone.<br \/>\nAu-del\u00e0 de ses objectifs environnementaux, le projet entend am\u00e9liorer les conditions de vie des populations rurales, en soutenant des solutions concr\u00e8tes et adapt\u00e9es aux r\u00e9alit\u00e9s locales.<br \/>\nUn engagement renouvel\u00e9<br \/>\n\u00c0 travers son adh\u00e9sion \u00e0 cette initiative, la Mauritanie r\u00e9affirme son engagement pour un d\u00e9veloppement r\u00e9silient et durable, en ligne avec ses engagements internationaux en mati\u00e8re de climat et d\u2019environnement.<br \/>\n(avec note Ministre de l\u2019Environnement, du D\u00e9veloppement Durable)<\/p>\n","protected":false},"excerpt":{"rendered":"<p>La Mauritanie a franchi, ce jeudi, un pas important dans la lutte contre la d\u00e9gradation des terres et le changement climatique \u00e0 l&#8217;occasion de la signature, en pr\u00e9sence de la ministre de l\u2019Environnement et du D\u00e9veloppement durable, Messouda Baham Mohamed Laghdaf, la c\u00e9r\u00e9monie de signature de l\u2019accord d\u2019ex\u00e9cution du projet r\u00e9gional SURAGGWA. La c\u00e9r\u00e9monie s&#8217;est &hellip;<\/p>\n","protected":false},"author":2,"featured_media":16759,"comment_status":"open","ping_status":"open","sticky":false,"template":"","format":"standard","meta":{"footnotes":""},"categories":[18,21],"tags":[],"class_list":["post-16758","post","type-post","status-publish","format-standard","has-post-thumbnail","hentry","category-actualites","category-fluctuations"],"_links":{"self":[{"href":"https:\/\/ladepeche.mr\/index.php?rest_route=\/wp\/v2\/posts\/16758","targetHints":{"allow":["GET"]}}],"collection":[{"href":"https:\/\/ladepeche.mr\/index.php?rest_route=\/wp\/v2\/posts"}],"about":[{"href":"https:\/\/ladepeche.mr\/index.php?rest_route=\/wp\/v2\/types\/post"}],"author":[{"embeddable":true,"href":"https:\/\/ladepeche.mr\/index.php?rest_route=\/wp\/v2\/users\/2"}],"replies":[{"embeddable":true,"href":"https:\/\/ladepeche.mr\/index.php?rest_route=%2Fwp%2Fv2%2Fcomments&post=16758"}],"version-history":[{"count":1,"href":"https:\/\/ladepeche.mr\/index.php?rest_route=\/wp\/v2\/posts\/16758\/revisions"}],"predecessor-version":[{"id":16760,"href":"https:\/\/ladepeche.mr\/index.php?rest_route=\/wp\/v2\/posts\/16758\/revisions\/16760"}],"wp:featuredmedia":[{"embeddable":true,"href":"https:\/\/ladepeche.mr\/index.php?rest_route=\/wp\/v2\/media\/16759"}],"wp:attachment":[{"href":"https:\/\/ladepeche.mr\/index.php?rest_route=%2Fwp%2Fv2%2Fmedia&parent=16758"}],"wp:term":[{"taxonomy":"category","embeddable":true,"href":"https:\/\/ladepeche.mr\/index.php?rest_route=%2Fwp%2Fv2%2Fcategories&post=16758"},{"taxonomy":"post_tag","embeddable":true,"href":"https:\/\/ladepeche.mr\/index.php?rest_route=%2Fwp%2Fv2%2Ftags&post=16758"}],"curies":[{"name":"wp","href":"https:\/\/api.w.org\/{rel}","templated":true}]}}