{"id":16761,"date":"2025-07-04T12:02:06","date_gmt":"2025-07-04T12:02:06","guid":{"rendered":"https:\/\/ladepeche.mr\/?p=16761"},"modified":"2025-07-04T12:02:36","modified_gmt":"2025-07-04T12:02:36","slug":"sahara-guatemala-renforce-son-soutien-a-lintegrite-de-territoriale-du-maroc","status":"publish","type":"post","link":"https:\/\/ladepeche.mr\/?p=16761","title":{"rendered":"Sahara- Le Guatemala renforce son soutien \u00e0 l\u2019int\u00e9grit\u00e9 de territoriale du Maroc"},"content":{"rendered":"<p>Rabat (MAP)- La R\u00e9publique du Guatemala a affirm\u00e9, le jeudi 3 juillet, que l&#8217;initiative d\u2019autonomie, pr\u00e9sent\u00e9e par le Maroc en 2007, est &#8220;l&#8217;unique base s\u00e9rieuse, cr\u00e9dible et r\u00e9aliste pour progresser vers un accord durable pour un r\u00e8glement d\u00e9finitif de ce conflit artificiel, dans le plein respect de l&#8217;int\u00e9grit\u00e9 territoriale du Royaume et de sa souverainet\u00e9 nationale&#8221;.<br \/>\n\u00a0<br \/>\nCe message fort envoy\u00e9 depuis Rabat a \u00e9t\u00e9 exprim\u00e9 par le ministre des Relations ext\u00e9rieures de la R\u00e9publique du Guatemala, Carlos Ramiro Martinez Alvarado, lors d\u2019un point de presse \u00e0 l&#8217;issue de sa rencontre avec le ministre des Affaires \u00e9trang\u00e8res, de la Coop\u00e9ration africaine et des Marocains r\u00e9sidant \u00e0 l\u2019\u00e9tranger, Nasser Bourita.<br \/>\n\u00a0<br \/>\nLe chef de la diplomatie guat\u00e9malt\u00e8que a aussi fait part de l\u2019appui total de son pays aux efforts d\u00e9ploy\u00e9s par le Royaume du Maroc pour parvenir \u00e0 une solution politique, r\u00e9aliste, pragmatique, durable et mutuellement acceptable \u00e0 ce diff\u00e9rend r\u00e9gional.<br \/>\n\u00a0<br \/>\nLe Royaume du Maroc et la R\u00e9publique du Guatemala ont \u00e9galement soulign\u00e9 leur attachement \u00e0 la sacralit\u00e9 des principes de souverainet\u00e9 et d&#8217;int\u00e9grit\u00e9 territoriale.<br \/>\n\u00a0<br \/>\nIl y a lieu de rappeler que la R\u00e9publique du Guatemala est le premier pays d&#8217;Am\u00e9rique Latine \u00e0 avoir ouvert, en d\u00e9cembre 2022, un Consulat G\u00e9n\u00e9ral \u00e0 Dakhla, ville des provinces du Sud du Maroc.<br \/>\nMap<\/p>\n","protected":false},"excerpt":{"rendered":"<p>Rabat (MAP)- La R\u00e9publique du Guatemala a affirm\u00e9, le jeudi 3 juillet, que l&#8217;initiative d\u2019autonomie, pr\u00e9sent\u00e9e par le Maroc en 2007, est &#8220;l&#8217;unique base s\u00e9rieuse, cr\u00e9dible et r\u00e9aliste pour progresser vers un accord durable pour un r\u00e8glement d\u00e9finitif de ce conflit artificiel, dans le plein respect de l&#8217;int\u00e9grit\u00e9 territoriale du Royaume et de sa souverainet\u00e9 &hellip;<\/p>\n","protected":false},"author":2,"featured_media":16762,"comment_status":"open","ping_status":"open","sticky":false,"template":"","format":"standard","meta":{"footnotes":""},"categories":[18,29],"tags":[],"class_list":["post-16761","post","type-post","status-publish","format-standard","has-post-thumbnail","hentry","category-actualites","category-monde"],"_links":{"self":[{"href":"https:\/\/ladepeche.mr\/index.php?rest_route=\/wp\/v2\/posts\/16761","targetHints":{"allow":["GET"]}}],"collection":[{"href":"https:\/\/ladepeche.mr\/index.php?rest_route=\/wp\/v2\/posts"}],"about":[{"href":"https:\/\/ladepeche.mr\/index.php?rest_route=\/wp\/v2\/types\/post"}],"author":[{"embeddable":true,"href":"https:\/\/ladepeche.mr\/index.php?rest_route=\/wp\/v2\/users\/2"}],"replies":[{"embeddable":true,"href":"https:\/\/ladepeche.mr\/index.php?rest_route=%2Fwp%2Fv2%2Fcomments&post=16761"}],"version-history":[{"count":2,"href":"https:\/\/ladepeche.mr\/index.php?rest_route=\/wp\/v2\/posts\/16761\/revisions"}],"predecessor-version":[{"id":16764,"href":"https:\/\/ladepeche.mr\/index.php?rest_route=\/wp\/v2\/posts\/16761\/revisions\/16764"}],"wp:featuredmedia":[{"embeddable":true,"href":"https:\/\/ladepeche.mr\/index.php?rest_route=\/wp\/v2\/media\/16762"}],"wp:attachment":[{"href":"https:\/\/ladepeche.mr\/index.php?rest_route=%2Fwp%2Fv2%2Fmedia&parent=16761"}],"wp:term":[{"taxonomy":"category","embeddable":true,"href":"https:\/\/ladepeche.mr\/index.php?rest_route=%2Fwp%2Fv2%2Fcategories&post=16761"},{"taxonomy":"post_tag","embeddable":true,"href":"https:\/\/ladepeche.mr\/index.php?rest_route=%2Fwp%2Fv2%2Ftags&post=16761"}],"curies":[{"name":"wp","href":"https:\/\/api.w.org\/{rel}","templated":true}]}}