{"id":16774,"date":"2025-07-04T17:08:17","date_gmt":"2025-07-04T17:08:17","guid":{"rendered":"https:\/\/ladepeche.mr\/?p=16774"},"modified":"2025-07-04T17:08:17","modified_gmt":"2025-07-04T17:08:17","slug":"le-president-de-la-republique-lance-la-deuxieme-phase-du-projet-deau-potable-daftout-charghi","status":"publish","type":"post","link":"https:\/\/ladepeche.mr\/?p=16774","title":{"rendered":"Le Pr\u00e9sident de la R\u00e9publique lance la deuxi\u00e8me phase du projet d\u2019eau potable d\u2019Aftout Charghi"},"content":{"rendered":"<p>Son Excellence le Pr\u00e9sident de la R\u00e9publique, M. Mohamed Ould Cheikh El Ghazouani, a supervis\u00e9, ce vendredi matin, le lancement de la deuxi\u00e8me phase du projet d\u2019Aftout Charghi visant \u00e0 approvisionner certaines r\u00e9gions int\u00e9rieures en eau potable. Ce projet strat\u00e9gique traduit l\u2019engagement ferme de Son Excellence le Pr\u00e9sident de la R\u00e9publique \u00e0 renforcer la justice territoriale et \u00e0 garantir le droit des citoyens \u00e0 l\u2019acc\u00e8s aux services essentiels, o\u00f9 qu\u2019ils se trouvent.<\/p>\n<p>Ce projet vital est financ\u00e9 conjointement par le gouvernement mauritanien et le Fonds arabe pour le d\u00e9veloppement \u00e9conomique et social, pour un co\u00fbt d\u2019environ 24 millions d\u2019euros. Il vise \u00e0 renforcer la couverture en eau jusqu\u2019\u00e0 l\u2019horizon 2040 et \u00e0 \u00e9tendre le b\u00e9n\u00e9fice \u00e0 57 nouveaux villages dans les wilayas de Gorgol, Brakna et Assaba.<\/p>\n<p>Principales composantes du projet:<\/p>\n<p>\u2013 Construction d\u2019une station de traitement moderne d\u2019une capacit\u00e9 de 10 000 m\u00b3\/jour,<\/p>\n<p>\u2013 Pose de plus de 246 kilom\u00e8tres de conduites vers les zones cibl\u00e9es,<\/p>\n<p>\u2013 Construction de nouveaux r\u00e9servoirs et stations de pompage pour assurer un flux continu,<\/p>\n<p>\u2013 R\u00e9alisation de raccordements domestiques et de bornes-fontaines publiques au profit de milliers de familles.<\/p>\n<p>Avec le lancement de cette phase, le nombre de villages b\u00e9n\u00e9ficiaires s\u2019\u00e9l\u00e8ve \u00e0 plus de 400 localit\u00e9s, ce qui constitue une avanc\u00e9e majeure pour l\u2019am\u00e9lioration des conditions de vie, la r\u00e9alisation des objectifs de d\u00e9veloppement durable et l\u2019incarnation de la vision pr\u00e9sidentielle de construction d\u2019un \u00c9tat de services moderne et juste.<br \/>\nAmi<\/p>\n","protected":false},"excerpt":{"rendered":"<p>Son Excellence le Pr\u00e9sident de la R\u00e9publique, M. Mohamed Ould Cheikh El Ghazouani, a supervis\u00e9, ce vendredi matin, le lancement de la deuxi\u00e8me phase du projet d\u2019Aftout Charghi visant \u00e0 approvisionner certaines r\u00e9gions int\u00e9rieures en eau potable. Ce projet strat\u00e9gique traduit l\u2019engagement ferme de Son Excellence le Pr\u00e9sident de la R\u00e9publique \u00e0 renforcer la justice &hellip;<\/p>\n","protected":false},"author":2,"featured_media":16775,"comment_status":"open","ping_status":"open","sticky":false,"template":"","format":"standard","meta":{"footnotes":""},"categories":[18,2],"tags":[],"class_list":["post-16774","post","type-post","status-publish","format-standard","has-post-thumbnail","hentry","category-actualites","category-economie"],"_links":{"self":[{"href":"https:\/\/ladepeche.mr\/index.php?rest_route=\/wp\/v2\/posts\/16774","targetHints":{"allow":["GET"]}}],"collection":[{"href":"https:\/\/ladepeche.mr\/index.php?rest_route=\/wp\/v2\/posts"}],"about":[{"href":"https:\/\/ladepeche.mr\/index.php?rest_route=\/wp\/v2\/types\/post"}],"author":[{"embeddable":true,"href":"https:\/\/ladepeche.mr\/index.php?rest_route=\/wp\/v2\/users\/2"}],"replies":[{"embeddable":true,"href":"https:\/\/ladepeche.mr\/index.php?rest_route=%2Fwp%2Fv2%2Fcomments&post=16774"}],"version-history":[{"count":1,"href":"https:\/\/ladepeche.mr\/index.php?rest_route=\/wp\/v2\/posts\/16774\/revisions"}],"predecessor-version":[{"id":16776,"href":"https:\/\/ladepeche.mr\/index.php?rest_route=\/wp\/v2\/posts\/16774\/revisions\/16776"}],"wp:featuredmedia":[{"embeddable":true,"href":"https:\/\/ladepeche.mr\/index.php?rest_route=\/wp\/v2\/media\/16775"}],"wp:attachment":[{"href":"https:\/\/ladepeche.mr\/index.php?rest_route=%2Fwp%2Fv2%2Fmedia&parent=16774"}],"wp:term":[{"taxonomy":"category","embeddable":true,"href":"https:\/\/ladepeche.mr\/index.php?rest_route=%2Fwp%2Fv2%2Fcategories&post=16774"},{"taxonomy":"post_tag","embeddable":true,"href":"https:\/\/ladepeche.mr\/index.php?rest_route=%2Fwp%2Fv2%2Ftags&post=16774"}],"curies":[{"name":"wp","href":"https:\/\/api.w.org\/{rel}","templated":true}]}}