{"id":16777,"date":"2025-07-05T11:54:29","date_gmt":"2025-07-05T11:54:29","guid":{"rendered":"https:\/\/ladepeche.mr\/?p=16777"},"modified":"2025-07-05T11:54:29","modified_gmt":"2025-07-05T11:54:29","slug":"gaza-20-nouveaux-morts-suite-a-des-attaques-israeliennes","status":"publish","type":"post","link":"https:\/\/ladepeche.mr\/?p=16777","title":{"rendered":"Gaza: 20 nouveaux morts suite \u00e0 des attaques isra\u00e9liennes"},"content":{"rendered":"<p>La D\u00e9fense civile de Gaza a fait \u00e9tat samedi de 20 morts dans diff\u00e9rentes op\u00e9rations militaires isra\u00e9liennes \u00e0 travers le territoire palestinien, o\u00f9 Isra\u00ebl a r\u00e9cemment \u00e9tendu son offensive, pr\u00e8s de 21 mois apr\u00e8s le d\u00e9but de la guerre avec le mouvement islamiste Hamas.<\/p>\n<p>Selon Mahmoud Basal, porte-parole de l\u2019organisation de premiers secours, cinq personnes ont notamment \u00e9t\u00e9 tu\u00e9es dans une frappe a\u00e9rienne sur une \u00e9cole de Gaza-ville.<\/p>\n<p>Une frappe nocturne \u00e0 proximit\u00e9 d\u2019une autre \u00e9cole de la ville, qui abritait des d\u00e9plac\u00e9s, a elle co\u00fbt\u00e9 la vie \u00e0 trois personnes et fait une dizaine de bless\u00e9s parmi lesquels des enfants, a indiqu\u00e9 cette m\u00eame source.<\/p>\n<p>Depuis le d\u00e9but de la guerre, de nombreux Gazaouis tentent de trouver refuge dans des b\u00e2timents scolaires, mais ceux-ci ont \u00e9t\u00e9 \u00e0 plusieurs reprises la cible d\u2019attaques isra\u00e9liennes.<\/p>\n<p>Contact\u00e9e par l\u2019AFP, l\u2019arm\u00e9e isra\u00e9lienne a d\u00e9clar\u00e9 ne pas \u00eatre en mesure de faire de commentaires sur des frappes en particulier en l\u2019absence de coordonn\u00e9es g\u00e9ographiques pr\u00e9cises.<\/p>\n<p>Compte tenu des restrictions impos\u00e9es par Isra\u00ebl aux m\u00e9dias et des difficult\u00e9s d\u2019acc\u00e8s sur le terrain \u00e0 Gaza, l\u2019AFP n\u2019est pas en mesure de v\u00e9rifier de mani\u00e8re ind\u00e9pendante les affirmations de la D\u00e9fense civile.<\/p>\n<p>De son c\u00f4t\u00e9, l\u2019organisation GHF a annonc\u00e9 samedi, que deux humanitaires am\u00e9ricains ont \u00e9t\u00e9 bless\u00e9s dans un \u00ab attentat \u00bb.<\/p>\n<p>Le Hamas a affirm\u00e9 vendredi soir \u00eatre pr\u00eat \u00e0 engager \u00ab imm\u00e9diatement \u00bb des n\u00e9gociations sur la mise en oeuvre d\u2019une proposition de cessez-le-feu parrain\u00e9e par les Etats-Unis.<\/p>\n<p>Les autorit\u00e9s isra\u00e9liennes n\u2019avaient pas encore r\u00e9pondu samedi matin \u00e0 cette annonce, alors que le Premier ministre, Benjamin Netanyahu, doit rencontrer lundi \u00e0 Washington le pr\u00e9sident am\u00e9ricain, Donald Trump, qui pousse pour une tr\u00eave.<\/p>\n<p>L\u2019attaque du 7-Octobre a fait 1.219 morts du c\u00f4t\u00e9 isra\u00e9lien, en majorit\u00e9 des civils, selon un d\u00e9compte de l\u2019AFP r\u00e9alis\u00e9 \u00e0 partir de donn\u00e9es officielles.<\/p>\n<p>Sur les 251 personnes enlev\u00e9es ce jour-l\u00e0, 49 sont toujours otages \u00e0 Gaza, dont 27 ont \u00e9t\u00e9 d\u00e9clar\u00e9es mortes par l\u2019arm\u00e9e isra\u00e9lienne.<\/p>\n<p>Plus de 57.000 Palestiniens, majoritairement des civils, ont \u00e9t\u00e9 tu\u00e9s dans la campagne de repr\u00e9sailles isra\u00e9liennes \u00e0 Gaza, selon des donn\u00e9es du minist\u00e8re de la Sant\u00e9 du gouvernement du Hamas, jug\u00e9es fiables par l\u2019ONU.<\/p>\n<p>The post Gaza: 20 nouveaux morts suite \u00e0 des attaques isra\u00e9liennes appeared first on Hespress Fran\u00e7ais &#8211; Actualit\u00e9s du Maroc.<\/p>\n","protected":false},"excerpt":{"rendered":"<p>La D\u00e9fense civile de Gaza a fait \u00e9tat samedi de 20 morts dans diff\u00e9rentes op\u00e9rations militaires isra\u00e9liennes \u00e0 travers le territoire palestinien, o\u00f9 Isra\u00ebl a r\u00e9cemment \u00e9tendu son offensive, pr\u00e8s de 21 mois apr\u00e8s le d\u00e9but de la guerre avec le mouvement islamiste Hamas. Selon Mahmoud Basal, porte-parole de l\u2019organisation de premiers secours, cinq personnes &hellip;<\/p>\n","protected":false},"author":2,"featured_media":16778,"comment_status":"open","ping_status":"open","sticky":false,"template":"","format":"standard","meta":{"footnotes":""},"categories":[18,29],"tags":[],"class_list":["post-16777","post","type-post","status-publish","format-standard","has-post-thumbnail","hentry","category-actualites","category-monde"],"_links":{"self":[{"href":"https:\/\/ladepeche.mr\/index.php?rest_route=\/wp\/v2\/posts\/16777","targetHints":{"allow":["GET"]}}],"collection":[{"href":"https:\/\/ladepeche.mr\/index.php?rest_route=\/wp\/v2\/posts"}],"about":[{"href":"https:\/\/ladepeche.mr\/index.php?rest_route=\/wp\/v2\/types\/post"}],"author":[{"embeddable":true,"href":"https:\/\/ladepeche.mr\/index.php?rest_route=\/wp\/v2\/users\/2"}],"replies":[{"embeddable":true,"href":"https:\/\/ladepeche.mr\/index.php?rest_route=%2Fwp%2Fv2%2Fcomments&post=16777"}],"version-history":[{"count":1,"href":"https:\/\/ladepeche.mr\/index.php?rest_route=\/wp\/v2\/posts\/16777\/revisions"}],"predecessor-version":[{"id":16779,"href":"https:\/\/ladepeche.mr\/index.php?rest_route=\/wp\/v2\/posts\/16777\/revisions\/16779"}],"wp:featuredmedia":[{"embeddable":true,"href":"https:\/\/ladepeche.mr\/index.php?rest_route=\/wp\/v2\/media\/16778"}],"wp:attachment":[{"href":"https:\/\/ladepeche.mr\/index.php?rest_route=%2Fwp%2Fv2%2Fmedia&parent=16777"}],"wp:term":[{"taxonomy":"category","embeddable":true,"href":"https:\/\/ladepeche.mr\/index.php?rest_route=%2Fwp%2Fv2%2Fcategories&post=16777"},{"taxonomy":"post_tag","embeddable":true,"href":"https:\/\/ladepeche.mr\/index.php?rest_route=%2Fwp%2Fv2%2Ftags&post=16777"}],"curies":[{"name":"wp","href":"https:\/\/api.w.org\/{rel}","templated":true}]}}