{"id":16780,"date":"2025-07-05T12:17:57","date_gmt":"2025-07-05T12:17:57","guid":{"rendered":"https:\/\/ladepeche.mr\/?p=16780"},"modified":"2025-07-05T12:17:57","modified_gmt":"2025-07-05T12:17:57","slug":"economie-lan-approuve-un-projet-de-loi-sur-le-remboursement-de-la-dette-publique-a-la-banque-centrale","status":"publish","type":"post","link":"https:\/\/ladepeche.mr\/?p=16780","title":{"rendered":"Economie : L\u2019AN approuve un projet de loi sur le remboursement de la dette publique \u00e0 la Banque centrale"},"content":{"rendered":"<p>L\u2019Assembl\u00e9e nationale a adopt\u00e9 vendredi un projet de loi autorisant la ratification d\u2019un accord modifiant les modalit\u00e9s de remboursement de la dette publique inscrite dans les livres de la Banque Centrale de Mauritanie (BCM).<br \/>\nDans une intervention sur cette opportunit\u00e9, le ministre de l\u2019\u00c9conomie et des Finances, Sid\u2019Ahmed Ould Bouh, a expliqu\u00e9 le processus vise \u00e0 permettre au Pr\u00e9sident de la R\u00e9publique de ratifier formellement les dispositions financi\u00e8res de l\u2019accord. Celui-ci d\u00e9finit avec pr\u00e9cision les dettes de l\u2019\u00c9tat envers la BCM ainsi que les modalit\u00e9s de leur remboursement.<br \/>\nLe texte ratifi\u00e9, rappelle-t-on, concerne l\u2019accord conclu en 2018 entre l\u2019\u00c9tat et la Banque centrale, qui inclut \u00e9galement la cession \u00e0 cette derni\u00e8re d\u2019un immeuble de 15 \u00e9tages situ\u00e9 \u00e0 Nouakchott.<br \/>\n(avec Ami)<\/p>\n","protected":false},"excerpt":{"rendered":"<p>L\u2019Assembl\u00e9e nationale a adopt\u00e9 vendredi un projet de loi autorisant la ratification d\u2019un accord modifiant les modalit\u00e9s de remboursement de la dette publique inscrite dans les livres de la Banque Centrale de Mauritanie (BCM). Dans une intervention sur cette opportunit\u00e9, le ministre de l\u2019\u00c9conomie et des Finances, Sid\u2019Ahmed Ould Bouh, a expliqu\u00e9 le processus vise &hellip;<\/p>\n","protected":false},"author":2,"featured_media":16781,"comment_status":"open","ping_status":"open","sticky":false,"template":"","format":"standard","meta":{"footnotes":""},"categories":[18,2],"tags":[],"class_list":["post-16780","post","type-post","status-publish","format-standard","has-post-thumbnail","hentry","category-actualites","category-economie"],"_links":{"self":[{"href":"https:\/\/ladepeche.mr\/index.php?rest_route=\/wp\/v2\/posts\/16780","targetHints":{"allow":["GET"]}}],"collection":[{"href":"https:\/\/ladepeche.mr\/index.php?rest_route=\/wp\/v2\/posts"}],"about":[{"href":"https:\/\/ladepeche.mr\/index.php?rest_route=\/wp\/v2\/types\/post"}],"author":[{"embeddable":true,"href":"https:\/\/ladepeche.mr\/index.php?rest_route=\/wp\/v2\/users\/2"}],"replies":[{"embeddable":true,"href":"https:\/\/ladepeche.mr\/index.php?rest_route=%2Fwp%2Fv2%2Fcomments&post=16780"}],"version-history":[{"count":1,"href":"https:\/\/ladepeche.mr\/index.php?rest_route=\/wp\/v2\/posts\/16780\/revisions"}],"predecessor-version":[{"id":16782,"href":"https:\/\/ladepeche.mr\/index.php?rest_route=\/wp\/v2\/posts\/16780\/revisions\/16782"}],"wp:featuredmedia":[{"embeddable":true,"href":"https:\/\/ladepeche.mr\/index.php?rest_route=\/wp\/v2\/media\/16781"}],"wp:attachment":[{"href":"https:\/\/ladepeche.mr\/index.php?rest_route=%2Fwp%2Fv2%2Fmedia&parent=16780"}],"wp:term":[{"taxonomy":"category","embeddable":true,"href":"https:\/\/ladepeche.mr\/index.php?rest_route=%2Fwp%2Fv2%2Fcategories&post=16780"},{"taxonomy":"post_tag","embeddable":true,"href":"https:\/\/ladepeche.mr\/index.php?rest_route=%2Fwp%2Fv2%2Ftags&post=16780"}],"curies":[{"name":"wp","href":"https:\/\/api.w.org\/{rel}","templated":true}]}}