{"id":16783,"date":"2025-07-05T12:25:02","date_gmt":"2025-07-05T12:25:02","guid":{"rendered":"https:\/\/ladepeche.mr\/?p=16783"},"modified":"2025-07-05T12:25:02","modified_gmt":"2025-07-05T12:25:02","slug":"sur-ordre-du-president-de-la-republique-le-palais-des-congres-de-nouakchott-baptise-au-nom-de-lex-president-feu-moktar-ould-daddah","status":"publish","type":"post","link":"https:\/\/ladepeche.mr\/?p=16783","title":{"rendered":"Sur ordre du Pr\u00e9sident de la R\u00e9publique, le Palais des Congr\u00e8s de Nouakchott baptis\u00e9 au nom de l\u2019ex-pr\u00e9sident, feu Moktar Ould Daddah"},"content":{"rendered":"<p>Son Excellence le Ministre Secr\u00e9taire G\u00e9n\u00e9ral de la Pr\u00e9sidence de la R\u00e9publique, M. Moulay Ould Mohamed Laghdaf, a supervis\u00e9, ce vendredi soir, \u00e0 Nouakchott, une c\u00e9r\u00e9monie organis\u00e9e par l\u2019Agence de Gestion des Palais des Congr\u00e8s de Mauritanie, pour renommer le Centre International des Conf\u00e9rences afin qu\u2019il porte le nom du premier Pr\u00e9sident de la R\u00e9publique Islamique de Mauritanie, feu Moktar Ould Daddah.<\/p>\n<p>Cette d\u00e9cision fait suite \u00e0 un ordre \u00e9mis par Son Excellence le Pr\u00e9sident de la R\u00e9publique, M. Mohamed Ould Cheikh El Ghazouani, de nommer ce monument \u201cCentre International des Conf\u00e9rences \u2013 Moktar Ould Daddah\u201d, en hommage \u00e0 ce Pr\u00e9sident et en reconnaissance de ses contributions remarquables \u00e0 la fondation et \u00e0 l\u2019ind\u00e9pendance de l\u2019\u00c9tat.<\/p>\n<p>Cette d\u00e9cision incarne une orientation officielle visant \u00e0 immortaliser les symboles de la nation et \u00e0 renforcer la m\u00e9moire nationale en nommant les monuments et les installations vitales d\u2019apr\u00e8s les noms des dirigeants fondateurs.<\/p>\n<p>Le Directeur g\u00e9n\u00e9ral de l\u2019Agence de Gestion des Palais des Congr\u00e8s de Mauritanie, M. Abdallahi Abdel Fattah, a exprim\u00e9, dans un discours prononc\u00e9 \u00e0 cette occasion, sa fiert\u00e9 du nouveau nom de ce palais, d\u00e9sormais appel\u00e9 \u201cCentre International des Conf\u00e9rences \u2013 Moktar Ould Daddah\u201d, soulignant que cette d\u00e9cision refl\u00e8te la vision de Son Excellence le Pr\u00e9sident de la R\u00e9publique, M. Mohamed Ould Cheikh El Ghazouani, selon laquelle chaque dirigeant mauritanien a pos\u00e9 une pierre, d\u2019une certaine ampleur, pour \u00e9riger l\u2019\u00e9difice de la construction de l\u2019\u00c9tat mauritanien, un travail qui ne s\u2019ach\u00e8ve jamais.<\/p>\n<p>Il a rappel\u00e9 le r\u00f4le central de ce centre, qui a \u00e9t\u00e9 le th\u00e9\u00e2tre de d\u00e9cisions influentes dans la formation du pr\u00e9sent et de l\u2019avenir de la Mauritanie \u00e0 plus d\u2019un titre, et a accueilli de nombreuses conf\u00e9rences et sommets qui ont r\u00e9uni une pl\u00e9iade de dirigeants mondiaux, d\u2019hommes de science, de pens\u00e9e, de culture, de politique et de finance, pour \u00e9changer des opinions et des points de vue, dans une atmosph\u00e8re confortable et sereine gr\u00e2ce \u00e0 la pr\u00e9sence d\u2019une \u00e9quipe hautement exp\u00e9riment\u00e9e, s\u00e9rieuse et pers\u00e9v\u00e9rante.<\/p>\n<p>Le porte-parole de la famille de l\u2019ancien Pr\u00e9sident, feu Moktar Ould Daddah, M. Mohameden Ould Daddah, a exprim\u00e9 sa gratitude et ses sinc\u00e8res remerciements \u00e0 Son Excellence le Pr\u00e9sident de la R\u00e9publique, M. Mohamed Ould Cheikh El Ghazouani, pour l\u2019attention particuli\u00e8re qu\u2019il porte aux symboles de ce pays.<\/p>\n<p>Il a salu\u00e9 la grande attention que Son Excellence le Pr\u00e9sident de la R\u00e9publique porte \u00e0 l\u2019histoire de la Mauritanie, \u00e0 ses symboles et \u00e0 sa culture, soulignant l\u2019importance de cela dans la construction du pr\u00e9sent et de l\u2019avenir du pays.<\/p>\n<p>Il a rappel\u00e9 certaines des qualit\u00e9s de l\u2019ancien Pr\u00e9sident, feu Moktar Ould Daddah, qui \u00e9tait un p\u00e8re pour tous les Mauritaniens, et qui consid\u00e9rait les enfants de la nation d\u2019un seul regard, bas\u00e9 sur l\u2019\u00e9tablissement de piliers solides pour la construction de la Mauritanie.<\/p>\n<p>Il est \u00e0 noter que l\u2019Agence de Gestion des Palais des Congr\u00e8s de Mauritanie a \u00e9t\u00e9 cr\u00e9\u00e9e en vertu du d\u00e9cret n\u00b0 15-2019 du 22 juillet 2019 en tant qu\u2019\u00e9tablissement public \u00e0 caract\u00e8re commercial et industriel, plac\u00e9 sous la tutelle du Minist\u00e8re Secr\u00e9tariat G\u00e9n\u00e9ral de la Pr\u00e9sidence de la R\u00e9publique et jouissant d\u2019une autonomie administrative et financi\u00e8re. Parmi ses missions figurent l\u2019exploitation, la gestion et la maintenance des centres internationaux de conf\u00e9rences en Mauritanie.<\/p>\n<p>La c\u00e9r\u00e9monie s\u2019est d\u00e9roul\u00e9e en pr\u00e9sence des autorit\u00e9s administratives, de plusieurs \u00e9lus, des membres du corps diplomatique accr\u00e9dit\u00e9 dans notre pays, d\u2019\u00e9minentes personnalit\u00e9s nationales, ainsi que des repr\u00e9sentants de la famille de feu Moktar Ould Daddah.<br \/>\nAmi<br \/>\nTitre: LDM<\/p>\n","protected":false},"excerpt":{"rendered":"<p>Son Excellence le Ministre Secr\u00e9taire G\u00e9n\u00e9ral de la Pr\u00e9sidence de la R\u00e9publique, M. Moulay Ould Mohamed Laghdaf, a supervis\u00e9, ce vendredi soir, \u00e0 Nouakchott, une c\u00e9r\u00e9monie organis\u00e9e par l\u2019Agence de Gestion des Palais des Congr\u00e8s de Mauritanie, pour renommer le Centre International des Conf\u00e9rences afin qu\u2019il porte le nom du premier Pr\u00e9sident de la R\u00e9publique &hellip;<\/p>\n","protected":false},"author":2,"featured_media":16784,"comment_status":"open","ping_status":"open","sticky":false,"template":"","format":"standard","meta":{"footnotes":""},"categories":[18,31],"tags":[],"class_list":["post-16783","post","type-post","status-publish","format-standard","has-post-thumbnail","hentry","category-actualites","category-politique-et-reportages"],"_links":{"self":[{"href":"https:\/\/ladepeche.mr\/index.php?rest_route=\/wp\/v2\/posts\/16783","targetHints":{"allow":["GET"]}}],"collection":[{"href":"https:\/\/ladepeche.mr\/index.php?rest_route=\/wp\/v2\/posts"}],"about":[{"href":"https:\/\/ladepeche.mr\/index.php?rest_route=\/wp\/v2\/types\/post"}],"author":[{"embeddable":true,"href":"https:\/\/ladepeche.mr\/index.php?rest_route=\/wp\/v2\/users\/2"}],"replies":[{"embeddable":true,"href":"https:\/\/ladepeche.mr\/index.php?rest_route=%2Fwp%2Fv2%2Fcomments&post=16783"}],"version-history":[{"count":1,"href":"https:\/\/ladepeche.mr\/index.php?rest_route=\/wp\/v2\/posts\/16783\/revisions"}],"predecessor-version":[{"id":16785,"href":"https:\/\/ladepeche.mr\/index.php?rest_route=\/wp\/v2\/posts\/16783\/revisions\/16785"}],"wp:featuredmedia":[{"embeddable":true,"href":"https:\/\/ladepeche.mr\/index.php?rest_route=\/wp\/v2\/media\/16784"}],"wp:attachment":[{"href":"https:\/\/ladepeche.mr\/index.php?rest_route=%2Fwp%2Fv2%2Fmedia&parent=16783"}],"wp:term":[{"taxonomy":"category","embeddable":true,"href":"https:\/\/ladepeche.mr\/index.php?rest_route=%2Fwp%2Fv2%2Fcategories&post=16783"},{"taxonomy":"post_tag","embeddable":true,"href":"https:\/\/ladepeche.mr\/index.php?rest_route=%2Fwp%2Fv2%2Ftags&post=16783"}],"curies":[{"name":"wp","href":"https:\/\/api.w.org\/{rel}","templated":true}]}}