{"id":16795,"date":"2025-07-05T14:03:57","date_gmt":"2025-07-05T14:03:57","guid":{"rendered":"https:\/\/ladepeche.mr\/?p=16795"},"modified":"2025-07-05T14:03:57","modified_gmt":"2025-07-05T14:03:57","slug":"le-ministre-de-la-sante-appelle-a-privilegier-les-vacances-en-mauritanie-pour-soutenir-le-tourisme-interieur","status":"publish","type":"post","link":"https:\/\/ladepeche.mr\/?p=16795","title":{"rendered":"Le ministre de la Sant\u00e9 appelle \u00e0 privil\u00e9gier les vacances en Mauritanie pour soutenir le tourisme int\u00e9rieur"},"content":{"rendered":"<p>Le ministre de la Sant\u00e9, Abdellahi Sidi Mohamed Weddih, a appel\u00e9 vendredi ses proches collaborateurs \u00e0 suivre la directive lanc\u00e9e par le pr\u00e9sident de la R\u00e9publique, Mohamed Ould Cheikh El Ghazouani, en faveur de vacances \u00e0 l\u2019int\u00e9rieur du pays booster les \u00e9conomies locales et raffermir les liens sociaux.<br \/>\nUne circulaire du Premier ministre, Mokhtar Ould Djaye, invitant l\u2019ensemble des fonctionnaires de l&#8217;Etat \u00e0 soutenir le tourisme int\u00e9rieur durant la p\u00e9riode estivale.<\/p>\n<p>Le ministre de la sant\u00e9 r\u00e9percutait donc aupr\u00e8s de membres de son cabinet et directeurs des \u00e9tablissements relevant de son d\u00e9partement l&#8217;initiative per\u00e7ue comme un levier pour renforcer la solidarit\u00e9 sociale et stimuler les \u00e9conomies locales.<br \/>\nLe ministre a insist\u00e9 sur les multiples b\u00e9n\u00e9fices d\u2019un s\u00e9jour en Mauritanie : co\u00fbts r\u00e9duits, mise en valeur du patrimoine naturel et culturel, renforcement des liens familiaux et impact direct sur les acteurs \u00e9conomiques r\u00e9gionaux. Il a \u00e9galement soulign\u00e9 l\u2019importance symbolique de ce geste, porteur d\u2019un sentiment d\u2019appartenance nationale.<br \/>\nAppelant ses collaborateurs \u00e0 \u00eatre les premiers porteurs de cette politique, Abdellahi Sidi Mohamed Weddih les a invit\u00e9s \u00e0 relayer les consignes dans leurs services respectifs, et \u00e0 donner l\u2019exemple en privil\u00e9giant la Mauritanie comme destination estivale.<br \/>\n\u00ab Il ne s\u2019agit pas seulement de vacances, mais d\u2019un engagement citoyen au service de la coh\u00e9sion sociale et du d\u00e9veloppement local \u00bb, a conclu le ministre.<br \/>\n(avec ami)<\/p>\n","protected":false},"excerpt":{"rendered":"<p>Le ministre de la Sant\u00e9, Abdellahi Sidi Mohamed Weddih, a appel\u00e9 vendredi ses proches collaborateurs \u00e0 suivre la directive lanc\u00e9e par le pr\u00e9sident de la R\u00e9publique, Mohamed Ould Cheikh El Ghazouani, en faveur de vacances \u00e0 l\u2019int\u00e9rieur du pays booster les \u00e9conomies locales et raffermir les liens sociaux. Une circulaire du Premier ministre, Mokhtar Ould &hellip;<\/p>\n","protected":false},"author":2,"featured_media":11535,"comment_status":"open","ping_status":"open","sticky":false,"template":"","format":"standard","meta":{"footnotes":""},"categories":[18,27],"tags":[],"class_list":["post-16795","post","type-post","status-publish","format-standard","has-post-thumbnail","hentry","category-actualites","category-sante"],"_links":{"self":[{"href":"https:\/\/ladepeche.mr\/index.php?rest_route=\/wp\/v2\/posts\/16795","targetHints":{"allow":["GET"]}}],"collection":[{"href":"https:\/\/ladepeche.mr\/index.php?rest_route=\/wp\/v2\/posts"}],"about":[{"href":"https:\/\/ladepeche.mr\/index.php?rest_route=\/wp\/v2\/types\/post"}],"author":[{"embeddable":true,"href":"https:\/\/ladepeche.mr\/index.php?rest_route=\/wp\/v2\/users\/2"}],"replies":[{"embeddable":true,"href":"https:\/\/ladepeche.mr\/index.php?rest_route=%2Fwp%2Fv2%2Fcomments&post=16795"}],"version-history":[{"count":1,"href":"https:\/\/ladepeche.mr\/index.php?rest_route=\/wp\/v2\/posts\/16795\/revisions"}],"predecessor-version":[{"id":16796,"href":"https:\/\/ladepeche.mr\/index.php?rest_route=\/wp\/v2\/posts\/16795\/revisions\/16796"}],"wp:featuredmedia":[{"embeddable":true,"href":"https:\/\/ladepeche.mr\/index.php?rest_route=\/wp\/v2\/media\/11535"}],"wp:attachment":[{"href":"https:\/\/ladepeche.mr\/index.php?rest_route=%2Fwp%2Fv2%2Fmedia&parent=16795"}],"wp:term":[{"taxonomy":"category","embeddable":true,"href":"https:\/\/ladepeche.mr\/index.php?rest_route=%2Fwp%2Fv2%2Fcategories&post=16795"},{"taxonomy":"post_tag","embeddable":true,"href":"https:\/\/ladepeche.mr\/index.php?rest_route=%2Fwp%2Fv2%2Ftags&post=16795"}],"curies":[{"name":"wp","href":"https:\/\/api.w.org\/{rel}","templated":true}]}}