{"id":16800,"date":"2025-07-05T19:30:55","date_gmt":"2025-07-05T19:30:55","guid":{"rendered":"https:\/\/ladepeche.mr\/?p=16800"},"modified":"2025-07-05T19:30:55","modified_gmt":"2025-07-05T19:30:55","slug":"lequateur-considere-linitiative-marocaine-dautonomie-comme-base-serieuse-pour-une-solution-au-differend-du-sahara","status":"publish","type":"post","link":"https:\/\/ladepeche.mr\/?p=16800","title":{"rendered":"L\u2019\u00c9quateur consid\u00e8re l\u2019initiative marocaine d\u2019autonomie comme \u2018\u2019 base s\u00e9rieuse pour une solution au diff\u00e9rend du Sahara \u2018\u2019"},"content":{"rendered":"<p>La R\u00e9publique d\u2019\u00c9quateur a affirm\u00e9, vendredi \u00e0 Rabat, que l\u2019initiative d\u2019autonomie est &#8220;la base pour la r\u00e9solution du diff\u00e9rend&#8221; r\u00e9gional autour du Sahara marocain\u2019\u2019.<\/p>\n<p>Cette position a \u00e9t\u00e9 exprim\u00e9e par la ministre des Relations ext\u00e9rieures et de la Mobilit\u00e9 humaine de la R\u00e9publique d\u2019\u00c9quateur, Gabriela Sommerfeld, lors du point de presse tenu \u00e0 l&#8217;issue de sa rencontre avec le ministre des Affaires \u00e9trang\u00e8res, de la Coop\u00e9ration africaine et des Marocains r\u00e9sidant \u00e0 l\u2019\u00e9tranger, Nasser Bourita.<\/p>\n<p>Dans cette optique, et \u00e0 l\u2019instar de la majorit\u00e9 des \u00c9tats membres de l\u2019ONU, la R\u00e9publique d\u2019\u00c9quateur a \u00e9galement fait part de son appui aux efforts d\u00e9ploy\u00e9s par le Maroc pour parvenir \u00e0 une solution politique, r\u00e9aliste, pragmatique, durable et mutuellement acceptable \u00e0 ce diff\u00e9rend r\u00e9gional, dans le cadre du processus onusien.<\/p>\n<p>Il convient de rappeler que la R\u00e9publique d&#8217;Equateur avait retir\u00e9, le 22 octobre 2024, sa reconnaissance de la pseudo &#8220;rasd&#8221; et mis un terme \u00e0 tout contact avec cette entit\u00e9 fictive.<br \/>\nMAP<\/p>\n","protected":false},"excerpt":{"rendered":"<p>La R\u00e9publique d\u2019\u00c9quateur a affirm\u00e9, vendredi \u00e0 Rabat, que l\u2019initiative d\u2019autonomie est &#8220;la base pour la r\u00e9solution du diff\u00e9rend&#8221; r\u00e9gional autour du Sahara marocain\u2019\u2019. Cette position a \u00e9t\u00e9 exprim\u00e9e par la ministre des Relations ext\u00e9rieures et de la Mobilit\u00e9 humaine de la R\u00e9publique d\u2019\u00c9quateur, Gabriela Sommerfeld, lors du point de presse tenu \u00e0 l&#8217;issue de &hellip;<\/p>\n","protected":false},"author":2,"featured_media":16801,"comment_status":"open","ping_status":"open","sticky":false,"template":"","format":"standard","meta":{"footnotes":""},"categories":[18,29],"tags":[],"class_list":["post-16800","post","type-post","status-publish","format-standard","has-post-thumbnail","hentry","category-actualites","category-monde"],"_links":{"self":[{"href":"https:\/\/ladepeche.mr\/index.php?rest_route=\/wp\/v2\/posts\/16800","targetHints":{"allow":["GET"]}}],"collection":[{"href":"https:\/\/ladepeche.mr\/index.php?rest_route=\/wp\/v2\/posts"}],"about":[{"href":"https:\/\/ladepeche.mr\/index.php?rest_route=\/wp\/v2\/types\/post"}],"author":[{"embeddable":true,"href":"https:\/\/ladepeche.mr\/index.php?rest_route=\/wp\/v2\/users\/2"}],"replies":[{"embeddable":true,"href":"https:\/\/ladepeche.mr\/index.php?rest_route=%2Fwp%2Fv2%2Fcomments&post=16800"}],"version-history":[{"count":1,"href":"https:\/\/ladepeche.mr\/index.php?rest_route=\/wp\/v2\/posts\/16800\/revisions"}],"predecessor-version":[{"id":16802,"href":"https:\/\/ladepeche.mr\/index.php?rest_route=\/wp\/v2\/posts\/16800\/revisions\/16802"}],"wp:featuredmedia":[{"embeddable":true,"href":"https:\/\/ladepeche.mr\/index.php?rest_route=\/wp\/v2\/media\/16801"}],"wp:attachment":[{"href":"https:\/\/ladepeche.mr\/index.php?rest_route=%2Fwp%2Fv2%2Fmedia&parent=16800"}],"wp:term":[{"taxonomy":"category","embeddable":true,"href":"https:\/\/ladepeche.mr\/index.php?rest_route=%2Fwp%2Fv2%2Fcategories&post=16800"},{"taxonomy":"post_tag","embeddable":true,"href":"https:\/\/ladepeche.mr\/index.php?rest_route=%2Fwp%2Fv2%2Ftags&post=16800"}],"curies":[{"name":"wp","href":"https:\/\/api.w.org\/{rel}","templated":true}]}}