{"id":16805,"date":"2025-07-07T17:54:24","date_gmt":"2025-07-07T17:54:24","guid":{"rendered":"https:\/\/ladepeche.mr\/?p=16805"},"modified":"2025-07-07T17:54:24","modified_gmt":"2025-07-07T17:54:24","slug":"7eme-art-mauritanie-3e-edition-du-festival-du-film-et-des-droits-de-lhomme-sous-le-theme-lenfance-dabord","status":"publish","type":"post","link":"https:\/\/ladepeche.mr\/?p=16805","title":{"rendered":"7\u00e8me art: Mauritanie : 3e \u00e9dition du Festival du Film et des Droits de l\u2019Homme sous le th\u00e8me \u00ab L\u2019enfance d\u2019abord \u00bb"},"content":{"rendered":"<p>Le ministre de la Culture, des Arts, de la Communication et des Relations avec le Parlement, porte-parole du gouvernement, Housseine Ould Medou, a officiellement lanc\u00e9 dimanche soir la troisi\u00e8me \u00e9dition du Festival du Film et des Droits de l\u2019Homme. L\u2019\u00e9v\u00e9nement s\u2019est tenu au Centre International de Conf\u00e9rence Mokhtar Ould Daddah, sous le slogan \u00e9vocateur \u00ab L\u2019enfance d\u2019abord \u00bb.<\/p>\n<p>Cette \u00e9dition met en lumi\u00e8re des th\u00e9matiques sociales et humanitaires \u00e0 travers la projection de 23 films, dont 7 productions nationales et 16 films internationaux. Ces \u0153uvres abordent des r\u00e9cits inspirants illustrant douleurs, espoirs et aspirations humaines, port\u00e9s par des voix artistiques engag\u00e9es.<\/p>\n<p>Le festival propose \u00e9galement des comp\u00e9titions autour de films et de reportages t\u00e9l\u00e9vis\u00e9s consacr\u00e9s aux droits de l\u2019enfant, ainsi qu\u2019un concours de spots publicitaires. Des formations seront aussi dispens\u00e9es \u00e0 divers acteurs du secteur cin\u00e9matographique.<\/p>\n<p>Dans son allocution d\u2019ouverture, le ministre a soulign\u00e9 l\u2019importance de l\u2019art cin\u00e9matographique comme vecteur de justice, de valeurs humaines et de transformation sociale. Il a salu\u00e9 le r\u00f4le du cin\u00e9ma dans la d\u00e9fense des droits fondamentaux et la diffusion de la culture de paix, de libert\u00e9 et d\u2019\u00e9galit\u00e9.<\/p>\n<p>Ould Medou a \u00e9galement rappel\u00e9 l\u2019engagement du pr\u00e9sident de la R\u00e9publique, Mohamed Ould Cheikh El Ghazouani, en faveur de la culture, consid\u00e9r\u00e9e comme un pilier essentiel du projet soci\u00e9tal national. Le gouvernement, sous la direction du Premier ministre El Moctar Ould Djay, \u0153uvre \u00e0 la concr\u00e9tisation de cette vision \u00e0 travers des initiatives telles que le Festival culturel de Djewel et le renforcement des festivals patrimoniaux.<\/p>\n<p>Parmi les avanc\u00e9es r\u00e9centes, le ministre a cit\u00e9 l\u2019inscription de la Mahadra mauritanienne et de l\u2019\u00e9pop\u00e9e \u00ab Samba Galadio \u00bb au patrimoine culturel immat\u00e9riel de l\u2019UNESCO, ainsi que la reconnaissance de la langue Sonink\u00e9e comme langue transcontinentale. Il a \u00e9galement mentionn\u00e9 la cr\u00e9ation du Prix du Pr\u00e9sident de la R\u00e9publique pour les Beaux-Arts, d\u2019un Institut national des arts, et d\u2019une carte d\u2019artiste professionnel, visant \u00e0 structurer le secteur artistique.<\/p>\n<p>Le d\u00e9veloppement des infrastructures culturelles est \u00e9galement en cours, incluant la construction du Palais de la Culture, de la Maison de la Presse, de centres cin\u00e9matographiques et de villages culturels.<\/p>\n<p>De son c\u00f4t\u00e9, le pr\u00e9sident du festival, Mohamed Ould Cheiguer, a mis en avant les valeurs fondamentales de justice, dignit\u00e9, libert\u00e9 et \u00e9galit\u00e9, rappelant la responsabilit\u00e9 collective de les transmettre aux g\u00e9n\u00e9rations futures. Il a soulign\u00e9 l\u2019importance des m\u00e9dias dans la r\u00e9ussite du festival, \u00e0 travers notamment un concours de reportage t\u00e9l\u00e9vis\u00e9 sur les droits de l\u2019enfant, en partenariat avec la cha\u00eene familiale, ainsi qu\u2019un concours de spots publicitaires audiovisuels.<\/p>\n<p>Le festival se veut ainsi une plateforme d\u2019\u00e9change, de r\u00e9flexion et d\u2019engagement, r\u00e9unissant artistes, juristes, journalistes et citoyens autour des grandes causes humaines et des droits fondamentaux.<\/p>\n<p>(avec Ami)<\/p>\n","protected":false},"excerpt":{"rendered":"<p>Le ministre de la Culture, des Arts, de la Communication et des Relations avec le Parlement, porte-parole du gouvernement, Housseine Ould Medou, a officiellement lanc\u00e9 dimanche soir la troisi\u00e8me \u00e9dition du Festival du Film et des Droits de l\u2019Homme. L\u2019\u00e9v\u00e9nement s\u2019est tenu au Centre International de Conf\u00e9rence Mokhtar Ould Daddah, sous le slogan \u00e9vocateur \u00ab &hellip;<\/p>\n","protected":false},"author":2,"featured_media":16806,"comment_status":"open","ping_status":"open","sticky":false,"template":"","format":"standard","meta":{"footnotes":""},"categories":[18,15],"tags":[],"class_list":["post-16805","post","type-post","status-publish","format-standard","has-post-thumbnail","hentry","category-actualites","category-culture"],"_links":{"self":[{"href":"https:\/\/ladepeche.mr\/index.php?rest_route=\/wp\/v2\/posts\/16805","targetHints":{"allow":["GET"]}}],"collection":[{"href":"https:\/\/ladepeche.mr\/index.php?rest_route=\/wp\/v2\/posts"}],"about":[{"href":"https:\/\/ladepeche.mr\/index.php?rest_route=\/wp\/v2\/types\/post"}],"author":[{"embeddable":true,"href":"https:\/\/ladepeche.mr\/index.php?rest_route=\/wp\/v2\/users\/2"}],"replies":[{"embeddable":true,"href":"https:\/\/ladepeche.mr\/index.php?rest_route=%2Fwp%2Fv2%2Fcomments&post=16805"}],"version-history":[{"count":1,"href":"https:\/\/ladepeche.mr\/index.php?rest_route=\/wp\/v2\/posts\/16805\/revisions"}],"predecessor-version":[{"id":16807,"href":"https:\/\/ladepeche.mr\/index.php?rest_route=\/wp\/v2\/posts\/16805\/revisions\/16807"}],"wp:featuredmedia":[{"embeddable":true,"href":"https:\/\/ladepeche.mr\/index.php?rest_route=\/wp\/v2\/media\/16806"}],"wp:attachment":[{"href":"https:\/\/ladepeche.mr\/index.php?rest_route=%2Fwp%2Fv2%2Fmedia&parent=16805"}],"wp:term":[{"taxonomy":"category","embeddable":true,"href":"https:\/\/ladepeche.mr\/index.php?rest_route=%2Fwp%2Fv2%2Fcategories&post=16805"},{"taxonomy":"post_tag","embeddable":true,"href":"https:\/\/ladepeche.mr\/index.php?rest_route=%2Fwp%2Fv2%2Ftags&post=16805"}],"curies":[{"name":"wp","href":"https:\/\/api.w.org\/{rel}","templated":true}]}}