{"id":16810,"date":"2025-07-07T18:06:02","date_gmt":"2025-07-07T18:06:02","guid":{"rendered":"https:\/\/ladepeche.mr\/?p=16810"},"modified":"2025-07-07T18:06:02","modified_gmt":"2025-07-07T18:06:02","slug":"sante-nouakchott-abrite-une-conference-regionale-sur-la-surveillance-epidemiologique-et-la-reponse-aux-urgences","status":"publish","type":"post","link":"https:\/\/ladepeche.mr\/?p=16810","title":{"rendered":"Sant\u00e9: Nouakchott abrite une conf\u00e9rence r\u00e9gionale sur la surveillance \u00e9pid\u00e9miologique et la r\u00e9ponse aux urgences."},"content":{"rendered":"<p>Nouakchott abrite depuis ce lundi une conf\u00e9rence r\u00e9gionale consacr\u00e9e \u00e0 la surveillance \u00e9pid\u00e9miologique et \u00e0 la r\u00e9ponse aux urgences sanitaires. Le d\u00e9marrage de la conf\u00e9rence, organis\u00e9e par le minist\u00e8re de la Sant\u00e9, intervient en partenariat entre le Centre africain de surveillance et de pr\u00e9vention des maladies (CDC Afrique), l\u2019Organisation mondiale de la Sant\u00e9 (OMS) et le Centre europ\u00e9en de pr\u00e9vention et de contr\u00f4le des maladies (ECDC).<\/p>\n<p>Cette rencontre vise \u00e0 renforcer la coop\u00e9ration transfrontali\u00e8re entre les pays d\u2019Afrique du Nord, en mettant \u00e0 l\u2019\u00e9preuve leur capacit\u00e9 \u00e0 prendre des d\u00e9cisions rapides dans des contextes simul\u00e9s d\u2019urgence sanitaire.<\/p>\n<p>Dans son discours d\u2019ouverture, la secr\u00e9taire g\u00e9n\u00e9rale du minist\u00e8re de la Sant\u00e9, Mme Alya Yahya Menkouss, a insist\u00e9 sur l\u2019urgence de renforcer la coop\u00e9ration sanitaire entre les pays africains. \u00ab\u202fLa r\u00e9union d\u2019aujourd\u2019hui intervient dans un contexte sanitaire mondial et r\u00e9gional d\u00e9licat, marqu\u00e9 par une recrudescence inqui\u00e9tante des maladies \u00e9vitables par la vaccination\u202f\u00bb, a-t-elle d\u00e9clar\u00e9. Elle a notamment \u00e9voqu\u00e9 les facteurs aggravants comme la mobilit\u00e9 croissante des populations, les effets du changement climatique et la faiblesse des infrastructures de sant\u00e9 dans les zones frontali\u00e8res.<\/p>\n<p>Mme Menkouss a soulign\u00e9 que cette conf\u00e9rence t\u00e9moigne d\u2019une volont\u00e9 collective de d\u00e9passer les approches individuelles au profit de m\u00e9canismes r\u00e9gionaux coordonn\u00e9s. Elle a mis en avant l\u2019importance du partage d\u2019informations, du renforcement des capacit\u00e9s de diagnostic et de vaccination, et de la mobilisation communautaire des populations de part et d\u2019autre des fronti\u00e8res.<\/p>\n<p>Elle a \u00e9galement r\u00e9affirm\u00e9 l\u2019engagement de la Mauritanie, sous l\u2019impulsion du pr\u00e9sident Mohamed Ould Cheikh El Ghazouani, en faveur de la s\u00e9curit\u00e9 sanitaire. Elle a cit\u00e9 les r\u00e9formes en cours dans le secteur de la sant\u00e9, portant sur la formation du personnel, l\u2019am\u00e9lioration de la cha\u00eene d\u2019approvisionnement et le d\u00e9veloppement des capacit\u00e9s de r\u00e9ponse, notamment dans les zones recul\u00e9es.<\/p>\n<p>Le directeur r\u00e9gional pour l\u2019Afrique du Nord du CDC Afrique, M. Wissam Mangoula, a salu\u00e9 la tenue de la conf\u00e9rence \u00e0 Nouakchott, qualifiant la capitale mauritanienne de \u00ab\u202fporte d\u2019entr\u00e9e sur l\u2019Atlantique et couloir strat\u00e9gique vers les profondeurs du continent\u202f\u00bb. Il a plaid\u00e9 pour une red\u00e9finition du concept de \u00ab\u202fsouverainet\u00e9 sanitaire\u202f\u00bb, appelant \u00e0 une approche collective et solidaire dans la lutte contre les \u00e9pid\u00e9mies. \u00ab\u202fLes virus comme la rougeole ou la poliomy\u00e9lite ne connaissent pas de fronti\u00e8res. Ils se nourrissent du manque de coordination entre \u00c9tats voisins\u202f\u00bb, a-t-il rappel\u00e9.<\/p>\n<p>La c\u00e9r\u00e9monie d\u2019ouverture s\u2019est tenue en pr\u00e9sence de nombreux repr\u00e9sentants de pays africains et d\u2019organisations r\u00e9gionales impliqu\u00e9es dans les questions de sant\u00e9 publique.<\/p>\n<p>(avec Ami)<\/p>\n","protected":false},"excerpt":{"rendered":"<p>Nouakchott abrite depuis ce lundi une conf\u00e9rence r\u00e9gionale consacr\u00e9e \u00e0 la surveillance \u00e9pid\u00e9miologique et \u00e0 la r\u00e9ponse aux urgences sanitaires. Le d\u00e9marrage de la conf\u00e9rence, organis\u00e9e par le minist\u00e8re de la Sant\u00e9, intervient en partenariat entre le Centre africain de surveillance et de pr\u00e9vention des maladies (CDC Afrique), l\u2019Organisation mondiale de la Sant\u00e9 (OMS) et &hellip;<\/p>\n","protected":false},"author":2,"featured_media":16811,"comment_status":"open","ping_status":"open","sticky":false,"template":"","format":"standard","meta":{"footnotes":""},"categories":[18,27],"tags":[],"class_list":["post-16810","post","type-post","status-publish","format-standard","has-post-thumbnail","hentry","category-actualites","category-sante"],"_links":{"self":[{"href":"https:\/\/ladepeche.mr\/index.php?rest_route=\/wp\/v2\/posts\/16810","targetHints":{"allow":["GET"]}}],"collection":[{"href":"https:\/\/ladepeche.mr\/index.php?rest_route=\/wp\/v2\/posts"}],"about":[{"href":"https:\/\/ladepeche.mr\/index.php?rest_route=\/wp\/v2\/types\/post"}],"author":[{"embeddable":true,"href":"https:\/\/ladepeche.mr\/index.php?rest_route=\/wp\/v2\/users\/2"}],"replies":[{"embeddable":true,"href":"https:\/\/ladepeche.mr\/index.php?rest_route=%2Fwp%2Fv2%2Fcomments&post=16810"}],"version-history":[{"count":1,"href":"https:\/\/ladepeche.mr\/index.php?rest_route=\/wp\/v2\/posts\/16810\/revisions"}],"predecessor-version":[{"id":16812,"href":"https:\/\/ladepeche.mr\/index.php?rest_route=\/wp\/v2\/posts\/16810\/revisions\/16812"}],"wp:featuredmedia":[{"embeddable":true,"href":"https:\/\/ladepeche.mr\/index.php?rest_route=\/wp\/v2\/media\/16811"}],"wp:attachment":[{"href":"https:\/\/ladepeche.mr\/index.php?rest_route=%2Fwp%2Fv2%2Fmedia&parent=16810"}],"wp:term":[{"taxonomy":"category","embeddable":true,"href":"https:\/\/ladepeche.mr\/index.php?rest_route=%2Fwp%2Fv2%2Fcategories&post=16810"},{"taxonomy":"post_tag","embeddable":true,"href":"https:\/\/ladepeche.mr\/index.php?rest_route=%2Fwp%2Fv2%2Ftags&post=16810"}],"curies":[{"name":"wp","href":"https:\/\/api.w.org\/{rel}","templated":true}]}}