{"id":16813,"date":"2025-07-07T18:22:47","date_gmt":"2025-07-07T18:22:47","guid":{"rendered":"https:\/\/ladepeche.mr\/?p=16813"},"modified":"2025-07-07T19:08:35","modified_gmt":"2025-07-07T19:08:35","slug":"grands-projets-lexecution-passe-a-la-loupe-du-pm","status":"publish","type":"post","link":"https:\/\/ladepeche.mr\/?p=16813","title":{"rendered":"Grands projets : L&#8217;ex\u00e9cution pass\u00e9e \u00e0 la loupe du PM"},"content":{"rendered":"<p>Le Premier ministre Moctar Ould Djay veille toujours au grain et passe \u00e0 la loupe l\u2019ex\u00e9cution des grands projets structurants du pays, peut-on constater ces derniers temps avec le suivi m\u00e9thodique de l\u2019\u00e9volution de ces projets. C\u2019est dans cette optique que le premier Ministre pr\u00e9sid\u00e9, \u00e0 la primature, ce lundi la r\u00e9union p\u00e9riodique du Comit\u00e9 minist\u00e9riel charg\u00e9 du suivi des grands projets.<br \/>\nDans son intervention, le Premier ministre a salu\u00e9 les progr\u00e8s enregistr\u00e9s au mois de juin, qu\u2019il a jug\u00e9s globalement satisfaisants, dans la continuit\u00e9 des r\u00e9sultats positifs obtenus en mai. Il a soulign\u00e9 qu\u2019il s\u2019agissait l\u00e0 d\u2019une dynamique encourageante, marquant pour la premi\u00e8re fois une am\u00e9lioration continue sur deux mois cons\u00e9cutifs.<\/p>\n<p>Cependant, Ould Djay aurait nuanc\u00e9 ce constat appelant \u00e0 am\u00e9liorer l\u2019ex\u00e9cution de certains projets qui accusent des retards ou des insuffisances.<br \/>\nLe Premier ministre a insist\u00e9 sur l\u2019importance d\u2019activer les m\u00e9canismes de contr\u00f4le et de suivi pour am\u00e9liorer l\u2019efficacit\u00e9 de la mise en \u0153uvre des projets et assurer leur conformit\u00e9 aux standards requis exigeant la concr\u00e9tisation des orientations du pr\u00e9sident de la R\u00e9publique, M. Mohamed Ould Cheikh El Ghazouani, \u00e0 cet \u00e9gard.<\/p>\n<p>La rencontre de haut niveau a permis de faire le point sur l\u2019\u00e9tat d\u2019avancement des principaux chantiers en cours, notamment le programme d\u2019urgence pour le d\u00e9veloppement de la ville de Nouakchott.<br \/>\nA la lumi\u00e8re de ces \u00e9valuations, le PM a exhort\u00e9 l\u2019ensemble des d\u00e9partements concern\u00e9s \u00e0 redoubler d\u2019efforts afin de maintenir la dynamique actuelle et d\u2019acc\u00e9l\u00e9rer la cadence d\u2019ex\u00e9cution, tout en veillant \u00e0 lever les obstacles susceptibles de compromettre les d\u00e9lais ou la qualit\u00e9 des travaux.<br \/>\n(avec Ami)<\/p>\n","protected":false},"excerpt":{"rendered":"<p>Le Premier ministre Moctar Ould Djay veille toujours au grain et passe \u00e0 la loupe l\u2019ex\u00e9cution des grands projets structurants du pays, peut-on constater ces derniers temps avec le suivi m\u00e9thodique de l\u2019\u00e9volution de ces projets. C\u2019est dans cette optique que le premier Ministre pr\u00e9sid\u00e9, \u00e0 la primature, ce lundi la r\u00e9union p\u00e9riodique du Comit\u00e9 &hellip;<\/p>\n","protected":false},"author":2,"featured_media":16814,"comment_status":"open","ping_status":"open","sticky":false,"template":"","format":"standard","meta":{"footnotes":""},"categories":[18,2],"tags":[],"class_list":["post-16813","post","type-post","status-publish","format-standard","has-post-thumbnail","hentry","category-actualites","category-economie"],"_links":{"self":[{"href":"https:\/\/ladepeche.mr\/index.php?rest_route=\/wp\/v2\/posts\/16813","targetHints":{"allow":["GET"]}}],"collection":[{"href":"https:\/\/ladepeche.mr\/index.php?rest_route=\/wp\/v2\/posts"}],"about":[{"href":"https:\/\/ladepeche.mr\/index.php?rest_route=\/wp\/v2\/types\/post"}],"author":[{"embeddable":true,"href":"https:\/\/ladepeche.mr\/index.php?rest_route=\/wp\/v2\/users\/2"}],"replies":[{"embeddable":true,"href":"https:\/\/ladepeche.mr\/index.php?rest_route=%2Fwp%2Fv2%2Fcomments&post=16813"}],"version-history":[{"count":2,"href":"https:\/\/ladepeche.mr\/index.php?rest_route=\/wp\/v2\/posts\/16813\/revisions"}],"predecessor-version":[{"id":16818,"href":"https:\/\/ladepeche.mr\/index.php?rest_route=\/wp\/v2\/posts\/16813\/revisions\/16818"}],"wp:featuredmedia":[{"embeddable":true,"href":"https:\/\/ladepeche.mr\/index.php?rest_route=\/wp\/v2\/media\/16814"}],"wp:attachment":[{"href":"https:\/\/ladepeche.mr\/index.php?rest_route=%2Fwp%2Fv2%2Fmedia&parent=16813"}],"wp:term":[{"taxonomy":"category","embeddable":true,"href":"https:\/\/ladepeche.mr\/index.php?rest_route=%2Fwp%2Fv2%2Fcategories&post=16813"},{"taxonomy":"post_tag","embeddable":true,"href":"https:\/\/ladepeche.mr\/index.php?rest_route=%2Fwp%2Fv2%2Ftags&post=16813"}],"curies":[{"name":"wp","href":"https:\/\/api.w.org\/{rel}","templated":true}]}}