{"id":16816,"date":"2025-07-07T18:33:01","date_gmt":"2025-07-07T18:33:01","guid":{"rendered":"https:\/\/ladepeche.mr\/?p=16816"},"modified":"2025-07-07T18:33:01","modified_gmt":"2025-07-07T18:33:01","slug":"biram-dah-abeid-rejette-sa-participation-au-dialogue","status":"publish","type":"post","link":"https:\/\/ladepeche.mr\/?p=16816","title":{"rendered":"Biram Dah Abeid rejette sa participation au dialogue"},"content":{"rendered":"<p>Le d\u00e9put\u00e9 mauritanien Biram Dah Abeid a d\u00e9clar\u00e9 qu\u2019il ne s\u2019oppose pas \u00e0 la tenue d\u2019un dialogue entre le r\u00e9gime en place et les acteurs politiques dispos\u00e9s \u00e0 y participer, mais qu\u2019il refuse personnellement d\u2019y prendre part, affirmant ne pas vouloir \u00ab se faire pi\u00e9ger deux fois par le m\u00eame trou \u00bb.<\/p>\n<p>Dans une intervention diffus\u00e9e en direct sur la page du journaliste Sultan Al-Bane, le pr\u00e9sident de l\u2019Initiative pour la R\u00e9surgence du Mouvement Abolitionniste (IRA) a indiqu\u00e9 avoir tenu plusieurs r\u00e9unions avec des responsables gouvernementaux, dont le Premier ministre Moctar Ould Djay, le directeur du port autonome de Nouakchott Sidi Mohamed Ould Maham, et le coordinateur du dialogue Moussa Fall. Malgr\u00e9 ces \u00e9changes, il affirme n\u2019avoir per\u00e7u aucun signe concret d\u2019un dialogue national sinc\u00e8re et structur\u00e9.<\/p>\n<p>\u00ab Tout dialogue s\u00e9rieux n\u00e9cessite la cr\u00e9ation d\u2019un cadre appropri\u00e9, capable de rassurer l\u2019ensemble des acteurs et de garantir une participation large et \u00e9quitable \u00bb, a-t-il insist\u00e9.<\/p>\n<p>Biram Dah Abeid conditionne toute \u00e9ventuelle participation \u00e0 la mise en place de garanties suffisantes et \u00e0 une volont\u00e9 politique r\u00e9elle d\u2019engager un dialogue inclusif, franc et cr\u00e9dible.<br \/>\nhttps:\/\/shemsmaarif.info\/archives\/899<\/p>\n","protected":false},"excerpt":{"rendered":"<p>Le d\u00e9put\u00e9 mauritanien Biram Dah Abeid a d\u00e9clar\u00e9 qu\u2019il ne s\u2019oppose pas \u00e0 la tenue d\u2019un dialogue entre le r\u00e9gime en place et les acteurs politiques dispos\u00e9s \u00e0 y participer, mais qu\u2019il refuse personnellement d\u2019y prendre part, affirmant ne pas vouloir \u00ab se faire pi\u00e9ger deux fois par le m\u00eame trou \u00bb. Dans une intervention &hellip;<\/p>\n","protected":false},"author":2,"featured_media":5624,"comment_status":"open","ping_status":"open","sticky":false,"template":"","format":"standard","meta":{"footnotes":""},"categories":[18,31],"tags":[],"class_list":["post-16816","post","type-post","status-publish","format-standard","has-post-thumbnail","hentry","category-actualites","category-politique-et-reportages"],"_links":{"self":[{"href":"https:\/\/ladepeche.mr\/index.php?rest_route=\/wp\/v2\/posts\/16816","targetHints":{"allow":["GET"]}}],"collection":[{"href":"https:\/\/ladepeche.mr\/index.php?rest_route=\/wp\/v2\/posts"}],"about":[{"href":"https:\/\/ladepeche.mr\/index.php?rest_route=\/wp\/v2\/types\/post"}],"author":[{"embeddable":true,"href":"https:\/\/ladepeche.mr\/index.php?rest_route=\/wp\/v2\/users\/2"}],"replies":[{"embeddable":true,"href":"https:\/\/ladepeche.mr\/index.php?rest_route=%2Fwp%2Fv2%2Fcomments&post=16816"}],"version-history":[{"count":1,"href":"https:\/\/ladepeche.mr\/index.php?rest_route=\/wp\/v2\/posts\/16816\/revisions"}],"predecessor-version":[{"id":16817,"href":"https:\/\/ladepeche.mr\/index.php?rest_route=\/wp\/v2\/posts\/16816\/revisions\/16817"}],"wp:featuredmedia":[{"embeddable":true,"href":"https:\/\/ladepeche.mr\/index.php?rest_route=\/wp\/v2\/media\/5624"}],"wp:attachment":[{"href":"https:\/\/ladepeche.mr\/index.php?rest_route=%2Fwp%2Fv2%2Fmedia&parent=16816"}],"wp:term":[{"taxonomy":"category","embeddable":true,"href":"https:\/\/ladepeche.mr\/index.php?rest_route=%2Fwp%2Fv2%2Fcategories&post=16816"},{"taxonomy":"post_tag","embeddable":true,"href":"https:\/\/ladepeche.mr\/index.php?rest_route=%2Fwp%2Fv2%2Ftags&post=16816"}],"curies":[{"name":"wp","href":"https:\/\/api.w.org\/{rel}","templated":true}]}}