{"id":16828,"date":"2025-07-07T23:19:36","date_gmt":"2025-07-07T23:19:36","guid":{"rendered":"https:\/\/ladepeche.mr\/?p=16828"},"modified":"2025-07-07T23:19:36","modified_gmt":"2025-07-07T23:19:36","slug":"le-ministre-de-leconomie-et-des-finances-expose-devant-lassemblee-nationale-trois-projets-de-developpement-ambitieux","status":"publish","type":"post","link":"https:\/\/ladepeche.mr\/?p=16828","title":{"rendered":"Le ministre de l\u2019\u00c9conomie et des Finances expose, devant l\u2019Assembl\u00e9e nationale, trois projets de d\u00e9veloppement ambitieux"},"content":{"rendered":"<p>Son Excellence le ministre de l\u2019\u00c9conomie et des Finances, M. Sid&#8217; Ahmed Ould Bouh, a pr\u00e9sent\u00e9  lundi, devant l\u2019Assembl\u00e9e nationale r\u00e9unie en s\u00e9ance publique sous la pr\u00e9sidence de son vice-pr\u00e9sident M. Ahmedou Mohamed Mahfoud M\u2019Balla, un expos\u00e9 d\u00e9taill\u00e9 sur trois projets de lois strat\u00e9giques visant \u00e0 renforcer les infrastructures \u00e9lectriques et \u00e0 promouvoir l\u2019autonomisation des femmes en Mauritanie. Il a \u00e9galement r\u00e9pondu aux observations et questions des d\u00e9put\u00e9s.<\/p>\n<p><strong>L\u2019autonomisation des femmes au c\u0153ur des priorit\u00e9s gouvernementales <\/strong><\/p>\n<p>En introduisant le premier projet de loi, relatif au financement du Projet d\u2019autonomisation des femmes et de dividende d\u00e9mographique en Afrique subsaharienne, le ministre a soulign\u00e9 que le programme de Son Excellence le Pr\u00e9sident de la R\u00e9publique, M. Mohamed Ould Cheikh El Ghazouani, accorde une place centrale \u00e0 l\u2019autonomisation des femmes dans sa strat\u00e9gie de d\u00e9veloppement.<\/p>\n<p>Il a pr\u00e9cis\u00e9 que cette orientation se traduit par l\u2019\u00e9largissement de l\u2019acc\u00e8s des femmes \u00e0 des services de sant\u00e9 et d\u2019\u00e9ducation de qualit\u00e9 et \u00e0 moindre co\u00fbt, ainsi que par le soutien \u00e0 leur inclusion \u00e9conomique \u00e0 travers des programmes de formation int\u00e9gr\u00e9s, centr\u00e9s sur les comp\u00e9tences techniques et les aptitudes de vie.<\/p>\n<p>Le ministre a fait \u00e9tat des r\u00e9sultats probants enregistr\u00e9s lors de la phase pr\u00e9c\u00e9dente du projet, justifiant la n\u00e9cessit\u00e9 d\u2019en assurer la continuit\u00e9 et l\u2019extension. Il a d\u00e9taill\u00e9 les objectifs du nouveau programme, qui vise notamment \u00e0 accro\u00eetre l\u2019acc\u00e8s des femmes et des filles \u00e0 l\u2019\u00e9ducation, \u00e0 la sant\u00e9 reproductive et aux opportunit\u00e9s \u00e9conomiques, tout en renfor\u00e7ant les capacit\u00e9s institutionnelles en mati\u00e8re d\u2019\u00e9galit\u00e9 de genre au niveau r\u00e9gional.<\/p>\n<p>Le projet pr\u00e9voit, entre autres, des interventions transformationnelles en mati\u00e8re de genre, l\u2019am\u00e9lioration des services de sant\u00e9 maternelle, infantile et adolescente, ainsi que le d\u00e9veloppement des outils de planification et de pilotage des politiques d\u2019\u00e9quit\u00e9 entre les sexes, tant au niveau national que r\u00e9gional.<\/p>\n<p><strong>Une vision ambitieuse pour le secteur \u00e9nerg\u00e9tique<\/strong><\/p>\n<p>S\u2019agissant du second projet de loi, relatif au financement du Projet de transport d\u2019\u00e9lectricit\u00e9, le ministre a dress\u00e9 un \u00e9tat des lieux du secteur \u00e9lectrique national. Il a relev\u00e9 les difficult\u00e9s persistantes, notamment la faible couverture, l\u2019insuffisance de l\u2019offre face \u00e0 une demande croissante, et la forte d\u00e9pendance vis-\u00e0-vis des \u00e9nergies fossiles.<\/p>\n<p>Toutefois, il a salu\u00e9 les progr\u00e8s enregistr\u00e9s ces derni\u00e8res ann\u00e9es, pr\u00e9cisant que des r\u00e9formes structurelles et une strat\u00e9gie \u00e9nerg\u00e9tique ambitieuse ont \u00e9t\u00e9 engag\u00e9es sous l\u2019impulsion du Pr\u00e9sident de la R\u00e9publique. Il a soulign\u00e9 que gr\u00e2ce \u00e0 sa position g\u00e9ographique, \u00e0 ses ressources gazi\u00e8res et \u00e0 son potentiel exceptionnel en \u00e9nergies renouvelables, la Mauritanie ne se limite plus \u00e0 l\u2019objectif d\u2019acc\u00e8s universel \u00e0 l\u2019\u00e9lectricit\u00e9 d\u2019ici 2030. Elle ambitionne \u00e9galement de devenir un acteur r\u00e9gional dans la production \u00e9nerg\u00e9tique, notamment d\u2019hydrog\u00e8ne vert.<\/p>\n<p>Le financement vis\u00e9 permettra d\u2019\u00e9tendre l\u2019acc\u00e8s \u00e0 l\u2019\u00e9lectricit\u00e9 \u00e0 travers la construction d\u2019un corridor de transport \u00e9lectrique et d&#8217; infrastructures associ\u00e9es, l\u2019acquisition d\u2019\u00e9quipements, l\u2019extension du r\u00e9seau de distribution (moyenne et basse tension), l\u2019installation de sous-stations de transformation, de mat\u00e9riels de raccordement et de compteurs intelligents \u00e0 pr\u00e9paiement.<\/p>\n<p><strong>Le projet de ligne haute tension : vers une meilleure int\u00e9gration r\u00e9gionale<\/strong><\/p>\n<p>Concernant le troisi\u00e8me projet de loi, relatif au financement du Projet de ligne haute tension dans le sud de la Mauritanie et de la centrale solaire de Kiffa, le ministre a pr\u00e9cis\u00e9 qu\u2019il s\u2019inscrit dans le cadre du vaste programme de connexion \u00e9lectrique entre Nouakchott et N\u00e9ma, men\u00e9 en partenariat avec la Banque africaine de d\u00e9veloppement.<\/p>\n<p>Il a d\u00e9taill\u00e9 les composantes de ce projet structurant, qui pr\u00e9voit notamment la r\u00e9alisation de trois infrastructures prioritaires : une sous-station \u00e9lectrique dans la zone Est de Nouakchott, 125 km de ligne haute tension entre Ghayra et Kiffa, et la construction d\u2019une centrale solaire d\u2019une capacit\u00e9 de 50 m\u00e9gawatts \u00e0 Kiffa.<\/p>\n<p>Selon le ministre, ce projet permettra d\u2019am\u00e9liorer durablement l\u2019acc\u00e8s \u00e0 une \u00e9lectricit\u00e9 propre, fiable et \u00e0 co\u00fbt abordable pour environ 80 000 m\u00e9nages mauritaniens. Il contribuera \u00e9galement \u00e0 l\u2019interconnexion \u00e9lectrique de la Mauritanie avec les pays de la sous-r\u00e9gion.<\/p>\n<p>Il a en outre pr\u00e9cis\u00e9 que la ligne haute tension Nouakchott\u2013N\u00e9ma s\u2019inscrit dans une dynamique d\u2019int\u00e9gration \u00e9nerg\u00e9tique r\u00e9gionale, en lien avec le syst\u00e8me d\u2019\u00e9changes d\u2019\u00e9lectricit\u00e9 de l\u2019Afrique de l\u2019Ouest, ouvrant des perspectives prometteuses d\u2019exportation et d\u2019\u00e9changes d\u2019\u00e9nergie.<\/p>\n<p><strong>Un d\u00e9bat parlementaire riche autour du financement ext\u00e9rieur<\/strong><\/p>\n<p>Les d\u00e9clarations du ministre ont suscit\u00e9 un d\u00e9bat anim\u00e9 parmi les d\u00e9put\u00e9s, qui ont salu\u00e9 les projets de loi soumis, tout en \u00e9mettant des observations importantes sur la strat\u00e9gie de financement ext\u00e9rieur.  <\/p>\n<p>Les parlementaires ont insist\u00e9 sur la n\u00e9cessit\u00e9 de r\u00e9server les financements ext\u00e9rieurs aux projets de d\u00e9veloppement strat\u00e9giques plut\u00f4t qu\u2019aux projets sociaux, ces derniers devant, selon eux, \u00eatre financ\u00e9s par des ressources nationales, d\u2019autant plus que le service de la dette d\u00e9passe d\u00e9sormais les d\u00e9penses allou\u00e9es \u00e0 la sant\u00e9 et \u00e0 l\u2019\u00e9ducation.  <\/p>\n<p>Les \u00e9lus ont soulign\u00e9 la n\u00e9cessit\u00e9 de renforcer les m\u00e9canismes de contr\u00f4le de gestion, d\u2019\u00e9valuer syst\u00e9matiquement l\u2019impact des emprunts sur les capacit\u00e9s \u00e9nerg\u00e9tiques du pays, et d\u2019assurer une ex\u00e9cution rapide des projets, afin d\u2019\u00e9viter tout retard pr\u00e9judiciable, surtout dans un contexte de forte croissance de la demande \u00e9nerg\u00e9tique.<\/p>\n<p>Au terme de la s\u00e9ance, l\u2019Assembl\u00e9e nationale a adopt\u00e9 les trois projets de loi, ouvrant ainsi la voie \u00e0 la mise en \u0153uvre de programmes porteurs d\u2019une transformation profonde des secteurs de l\u2019\u00e9nergie et de l\u2019\u00e9galit\u00e9 des genres, au service d\u2019un d\u00e9veloppement durable et inclusif.<br \/>\nSource MEF<\/p>\n","protected":false},"excerpt":{"rendered":"<p>Son Excellence le ministre de l\u2019\u00c9conomie et des Finances, M. Sid&#8217; Ahmed Ould Bouh, a pr\u00e9sent\u00e9 lundi, devant l\u2019Assembl\u00e9e nationale r\u00e9unie en s\u00e9ance publique sous la pr\u00e9sidence de son vice-pr\u00e9sident M. Ahmedou Mohamed Mahfoud M\u2019Balla, un expos\u00e9 d\u00e9taill\u00e9 sur trois projets de lois strat\u00e9giques visant \u00e0 renforcer les infrastructures \u00e9lectriques et \u00e0 promouvoir l\u2019autonomisation des &hellip;<\/p>\n","protected":false},"author":2,"featured_media":16826,"comment_status":"open","ping_status":"open","sticky":false,"template":"","format":"standard","meta":{"footnotes":""},"categories":[18,2],"tags":[],"class_list":["post-16828","post","type-post","status-publish","format-standard","has-post-thumbnail","hentry","category-actualites","category-economie"],"_links":{"self":[{"href":"https:\/\/ladepeche.mr\/index.php?rest_route=\/wp\/v2\/posts\/16828","targetHints":{"allow":["GET"]}}],"collection":[{"href":"https:\/\/ladepeche.mr\/index.php?rest_route=\/wp\/v2\/posts"}],"about":[{"href":"https:\/\/ladepeche.mr\/index.php?rest_route=\/wp\/v2\/types\/post"}],"author":[{"embeddable":true,"href":"https:\/\/ladepeche.mr\/index.php?rest_route=\/wp\/v2\/users\/2"}],"replies":[{"embeddable":true,"href":"https:\/\/ladepeche.mr\/index.php?rest_route=%2Fwp%2Fv2%2Fcomments&post=16828"}],"version-history":[{"count":1,"href":"https:\/\/ladepeche.mr\/index.php?rest_route=\/wp\/v2\/posts\/16828\/revisions"}],"predecessor-version":[{"id":16829,"href":"https:\/\/ladepeche.mr\/index.php?rest_route=\/wp\/v2\/posts\/16828\/revisions\/16829"}],"wp:featuredmedia":[{"embeddable":true,"href":"https:\/\/ladepeche.mr\/index.php?rest_route=\/wp\/v2\/media\/16826"}],"wp:attachment":[{"href":"https:\/\/ladepeche.mr\/index.php?rest_route=%2Fwp%2Fv2%2Fmedia&parent=16828"}],"wp:term":[{"taxonomy":"category","embeddable":true,"href":"https:\/\/ladepeche.mr\/index.php?rest_route=%2Fwp%2Fv2%2Fcategories&post=16828"},{"taxonomy":"post_tag","embeddable":true,"href":"https:\/\/ladepeche.mr\/index.php?rest_route=%2Fwp%2Fv2%2Ftags&post=16828"}],"curies":[{"name":"wp","href":"https:\/\/api.w.org\/{rel}","templated":true}]}}