{"id":16830,"date":"2025-07-08T14:57:41","date_gmt":"2025-07-08T14:57:41","guid":{"rendered":"https:\/\/ladepeche.mr\/?p=16830"},"modified":"2025-07-08T14:57:41","modified_gmt":"2025-07-08T14:57:41","slug":"diplomatie-ghazouani-au-premier-sommet-americano-africain-sous-trump","status":"publish","type":"post","link":"https:\/\/ladepeche.mr\/?p=16830","title":{"rendered":"Diplomatie: Ghazouani au premier sommet am\u00e9ricano-africain sous Trump"},"content":{"rendered":"<p>Le pr\u00e9sident de la R\u00e9publique, \u00e0 la t\u00eate d\u2019une importante d\u00e9l\u00e9gation \u00e9conomique, s\u2019est envol\u00e9 ce mardi \u00e0 destination de Washington pour r\u00e9pondre \u00e0 l\u2019invitation du pr\u00e9sident us, Donald Trump, en vue du premier sommet entre les USA et l\u2019Afrique, du 9 au 11 juillet courant.<br \/>\nOutre le pr\u00e9sident Ghazaouani, la shortlist pr\u00e9sidentielle comprend aussi les pr\u00e9sidents du Gabon, de la Guin\u00e9e-Bissau, du Liberia et du S\u00e9n\u00e9gal. Ce premier sommet qui intervient apr\u00e8s les mesures douloureuses pour tout le Continent prise par l\u2019administration Trump, depuis la suspension puis le d\u00e9mant\u00e8lement total des programmes de l\u2019USAID, la mise \u00e0 fin du Millennium Challenge Corporation (MCC) d\u2019aide publique au d\u00e9veloppement et enfin les taxes impos\u00e9es par le fameux d\u00e9cret du nouveau pr\u00e9sident am\u00e9ricain qui assassinent aussi l\u2019autre instrument de coop\u00e9ration avec l\u2019Afrique comme l\u2019Agoa. C&#8217;est peut-\u00eatre l&#8217;un des points communs entre les pr\u00e9sidents des diff\u00e9rents pays invit\u00e9s.<br \/>\nC\u2019est donc avec un pr\u00e9sident mercantiliste qui sait tirer profit des opportunit\u00e9s d\u2019affaires que vont converser les 5 chefs d\u2019Etat de l\u2019avenir de la coop\u00e9ration bilat\u00e9rale et multilat\u00e9rale avec les USA. Les diff\u00e9rents sont \u00e9videmment diff\u00e9remment impact\u00e9s par les mesures &#8220;trumpiennes&#8221;.<br \/>\nLa Mauritanie qui a une autre carte, hors de cet \u00e9chiquier, \u00e0 savoir l\u2019accord d\u2019Abraham, sera sans doute sollicit\u00e9e d\u2019autant plus que la r\u00e9v\u00e9lation r\u00e9cente des richesses de son sous-sol pourrait int\u00e9resser la partie am\u00e9ricaine. La composition de la d\u00e9l\u00e9gation pr\u00e9sidentielle renfermant Sid\u2019Ahmed Ould Bouh, ministre de l\u2019\u00c9conomie et des Finances, Mohamed Ould Khaled, ministre de l\u2019\u00c9nergie et du P\u00e9trole et Thiam Tidjani, ministre des Mines et de l\u2019Industrie, augure d\u2019une force de propositions \u00e0 laquelle les am\u00e9ricains ne seront sans doute pas sourds. Historiquement, le volume des \u00e9changes commerciaux entre la Mauritanie et les \u00c9tats-Unis quoique marginal a connu un bond significatif en 2017 de 22% pla\u00e7ant la Mauritanie au 139\u00e8me rang des fournisseurs des \u00c9tats-Unis. <\/p>\n<p>Les principales exportations mauritaniennes des combustibles min\u00e9raux, du poisson, des produits halieutiques, des engrais\u2026Les USA, eux, exportent chez nous des a\u00e9ronefs, des machines, des produits chimiques inorganiques et des machines \u00e9lectriques. Ils investissent aussi via le secteur priv\u00e9 (Kosmos Energy\u2026) dans la recherche et l\u2019exploitation du gaz, du p\u00e9trole et des mines.<br \/>\nEnfin depuis la mise en place du Forum d\u2019Affaires Am\u00e9ricano-Mauritanien, les \u00e9changes ont connu une grande diversification avant que n\u2019interviennent les nouvelles d\u00e9cisions am\u00e9ricaines figeant en standby le n\u00e9goce entre les deux pays.<br \/>\nL\u2019organisation de ce sommet r\u00e9pond sans doute d\u2019abord \u00e0 un souci s\u00e9curitaire mais aussi \u00e0 des vis\u00e9es sur les ressources naturelles. Au-del\u00e0 des partenariats \u00e9conomiques, la rencontre pourrait \u00e9galement porter sur des enjeux s\u00e9curitaires r\u00e9gionaux, en lien avec la stabilit\u00e9 du Sahel. L\u2019administration Trump semble vouloir r\u00e9affirmer un leadership diplomatique en Afrique, comme en t\u00e9moigne son implication r\u00e9cente dans l\u2019initiative de paix entre le Rwanda et la RDC, initialement port\u00e9e par le Qatar.<br \/>\nLe pr\u00e9sent sommet devrait, en fait, pr\u00e9parer un autre plus largement ouvert au reste du Continent en septembre 2025, en marge de l\u2019Assembl\u00e9e g\u00e9n\u00e9rale des Nations unies \u00e0 New York.<br \/>\nAlors wait and see pour voir quel r\u00e9\u00e9quilibrage dans la relation entre les USA et l\u2019Afrique sera \u00e0 l\u2019ordre du jour.<br \/>\nJD<\/p>\n","protected":false},"excerpt":{"rendered":"<p>Le pr\u00e9sident de la R\u00e9publique, \u00e0 la t\u00eate d\u2019une importante d\u00e9l\u00e9gation \u00e9conomique, s\u2019est envol\u00e9 ce mardi \u00e0 destination de Washington pour r\u00e9pondre \u00e0 l\u2019invitation du pr\u00e9sident us, Donald Trump, en vue du premier sommet entre les USA et l\u2019Afrique, du 9 au 11 juillet courant. Outre le pr\u00e9sident Ghazaouani, la shortlist pr\u00e9sidentielle comprend aussi les &hellip;<\/p>\n","protected":false},"author":2,"featured_media":16831,"comment_status":"open","ping_status":"open","sticky":false,"template":"","format":"standard","meta":{"footnotes":""},"categories":[18,2],"tags":[],"class_list":["post-16830","post","type-post","status-publish","format-standard","has-post-thumbnail","hentry","category-actualites","category-economie"],"_links":{"self":[{"href":"https:\/\/ladepeche.mr\/index.php?rest_route=\/wp\/v2\/posts\/16830","targetHints":{"allow":["GET"]}}],"collection":[{"href":"https:\/\/ladepeche.mr\/index.php?rest_route=\/wp\/v2\/posts"}],"about":[{"href":"https:\/\/ladepeche.mr\/index.php?rest_route=\/wp\/v2\/types\/post"}],"author":[{"embeddable":true,"href":"https:\/\/ladepeche.mr\/index.php?rest_route=\/wp\/v2\/users\/2"}],"replies":[{"embeddable":true,"href":"https:\/\/ladepeche.mr\/index.php?rest_route=%2Fwp%2Fv2%2Fcomments&post=16830"}],"version-history":[{"count":1,"href":"https:\/\/ladepeche.mr\/index.php?rest_route=\/wp\/v2\/posts\/16830\/revisions"}],"predecessor-version":[{"id":16832,"href":"https:\/\/ladepeche.mr\/index.php?rest_route=\/wp\/v2\/posts\/16830\/revisions\/16832"}],"wp:featuredmedia":[{"embeddable":true,"href":"https:\/\/ladepeche.mr\/index.php?rest_route=\/wp\/v2\/media\/16831"}],"wp:attachment":[{"href":"https:\/\/ladepeche.mr\/index.php?rest_route=%2Fwp%2Fv2%2Fmedia&parent=16830"}],"wp:term":[{"taxonomy":"category","embeddable":true,"href":"https:\/\/ladepeche.mr\/index.php?rest_route=%2Fwp%2Fv2%2Fcategories&post=16830"},{"taxonomy":"post_tag","embeddable":true,"href":"https:\/\/ladepeche.mr\/index.php?rest_route=%2Fwp%2Fv2%2Ftags&post=16830"}],"curies":[{"name":"wp","href":"https:\/\/api.w.org\/{rel}","templated":true}]}}