{"id":16836,"date":"2025-07-09T14:48:30","date_gmt":"2025-07-09T14:48:30","guid":{"rendered":"https:\/\/ladepeche.mr\/?p=16836"},"modified":"2025-07-09T14:48:30","modified_gmt":"2025-07-09T14:48:30","slug":"triste-jour-pour-la-justice-la-haute-cour-britannique-sur-la-sellette-au-sujet-des-exportations-darmes-vers-israel","status":"publish","type":"post","link":"https:\/\/ladepeche.mr\/?p=16836","title":{"rendered":"\u2018Triste jour pour la justice\u2019 : La Haute Cour britannique sur la sellette au sujet des exportations d&#8217;armes vers Isra\u00ebl"},"content":{"rendered":"<p>\u00ab Ce jour marque le d\u00e9but d&#8217;un combat que nous allons tous poursuivre \u00bb, a d\u00e9clar\u00e9 Yasmine Ahmed, directrice ex\u00e9cutive de Human Rights Watch UK, suite au refus de bloquer les exportations d&#8217;armes britanniques vers Isra\u00ebl.<br \/>\nLes principales organisations de d\u00e9fense des droits de l&#8217;homme ont vivement critiqu\u00e9, lundi, la d\u00e9cision de la Haute Cour de justice britannique qui a refus\u00e9 de bloquer les exportations d&#8217;armes britanniques vers Isra\u00ebl, alors que les preuves des atrocit\u00e9s commises dans la Bande de Gaza ne cessent de s&#8217;accumuler.<\/p>\n<p>La Haute Cour de justice britannique a refus\u00e9, lundi, d&#8217;autoriser un recours judiciaire historique introduit par l&#8217;association palestinienne de d\u00e9fense des droits de l&#8217;homme Al-Haq, qui visait \u00e0 contester la poursuite des exportations britanniques de composants d&#8217;avions de chasse F-35, qui sont finalement utilis\u00e9s par Isra\u00ebl dans le cadre de sa campagne g\u00e9nocidaire \u00e0 Gaza.<\/p>\n<p>Dans leur d\u00e9cision, les juges Males et Steyn ont conclu que la \u00ab d\u00e9rogation F-35 \u00bb &#8211; une exception politique permettant au Royaume-Uni de continuer \u00e0 exporter des pi\u00e8ces pour le programme multinational d&#8217;avions de combat F-35 malgr\u00e9 la suspension de certaines autres licences d&#8217;exportation militaire li\u00e9es au conflit de Gaza &#8211; \u00e9tait l\u00e9gale et ne pouvait pas \u00eatre annul\u00e9e par les tribunaux.<\/p>\n<p>La proc\u00e9dure \u00e9tait ax\u00e9e sur les obligations juridiques du Royaume-Uni en vertu du droit humanitaire international, et notamment des conventions de Gen\u00e8ve, du trait\u00e9 sur le commerce des armes et de la convention sur le g\u00e9nocide.<\/p>\n<p>Al-Haq, soutenu par Oxfam, Amnesty International UK et Human Rights Watch, a fait valoir que la d\u00e9rogation allait \u00e0 l&#8217;encontre de ces obligations, au vu du risque que les composants des F-35 soient utilis\u00e9s pour des violations du droit humanitaire international \u00e0 Gaza.<\/p>\n<p>** \u00ab Triste jour pour la justice \u00bb<\/p>\n<p>Yasmine Ahmed, directrice ex\u00e9cutive de Human Rights Watch UK, a qualifi\u00e9 la d\u00e9cision de \u00ab triste jour pour la justice, la reddition de comptes et le droit international &#8211; mais surtout pour le peuple palestinien \u00bb.<\/p>\n<p>S&#8217;exprimant peu apr\u00e8s la d\u00e9cision, Ahmed a d\u00e9clar\u00e9 que la Cour n&#8217;avait \u00ab pas pris en compte la s\u00e9curit\u00e9 du peuple palestinien, qui ne doit pas subir d&#8217;actes g\u00e9nocidaires et d&#8217;atrocit\u00e9s \u00bb.<\/p>\n<p>Elle a soulign\u00e9 que la d\u00e9cision de la Cour renvoyait carr\u00e9ment la responsabilit\u00e9 au Parlement britannique.<\/p>\n<p>\u00ab La Cour a invit\u00e9 aujourd&#8217;hui le Parlement \u00e0 demander des comptes \u00e0 l&#8217;ex\u00e9cutif, \u00e0 poser des questions et \u00e0 s&#8217;assurer que le gouvernement respecte ses obligations internationales \u00bb, a-t-elle d\u00e9clar\u00e9.<\/p>\n<p>Et d&#8217;ajouter :\u00ab Les faits sur le terrain sont clairs &#8211; le gouvernement ne respecte pas son devoir de pr\u00e9vention du g\u00e9nocide et ses obligations au titre du trait\u00e9 sur le commerce des armes \u00bb.<\/p>\n<p>Ahmed a affirm\u00e9 que cette d\u00e9cision ne marquait pas une fin, mais un nouveau chapitre dans la campagne pour les droits des Palestiniens.<\/p>\n<p>\u00ab Ce jour marque le d\u00e9but d&#8217;un combat que nous poursuivrons tous \u00bb, a-t-elle d\u00e9clar\u00e9.<\/p>\n<p>Sacha Deshmukh, directeur g\u00e9n\u00e9ral d&#8217;Amnesty International UK, s&#8217;est fait l&#8217;\u00e9cho de ces pr\u00e9occupations et s&#8217;est d\u00e9clar\u00e9 d\u00e9\u00e7u par le jugement.<\/p>\n<p>Il a d\u00e9clar\u00e9 que la Cour avait clairement indiqu\u00e9 que son autorit\u00e9 limit\u00e9e n&#8217;exon\u00e9rait pas l&#8217;ex\u00e9cutif ou le Parlement britannique de leurs responsabilit\u00e9s l\u00e9gales.<\/p>\n<p>\u00ab Le Royaume-Uni a une claire obligation l\u00e9gale d&#8217;aider \u00e0 pr\u00e9venir et \u00e0 punir les g\u00e9nocides \u00bb, a d\u00e9clar\u00e9 Deshmukh, ajoutant : \u00ab Pourtant, il continue d&#8217;autoriser l&#8217;exportation d&#8217;armes vers Isra\u00ebl, malgr\u00e9 les risques \u00e9vidents que ces armes soient utilis\u00e9es pour commettre un g\u00e9nocide \u00bb.<\/p>\n<p>Il a par ailleurs dress\u00e9 un tableau tr\u00e8s sombre de la catastrophe humanitaire qui s\u00e9vit \u00e0 Gaza : \u00ab Des familles palestiniennes enti\u00e8res sont d\u00e9cim\u00e9es dans leurs maisons. Des civils sont pris pour cible dans des espaces qui devraient \u00eatre s\u00fbrs. Le syst\u00e8me de sant\u00e9 de Gaza a \u00e9t\u00e9 syst\u00e9matiquement d\u00e9mantel\u00e9, ses infrastructures d&#8217;approvisionnement en eau et d&#8217;assainissement d\u00e9truites et sa population soumise \u00e0 la famine et au si\u00e8ge \u00bb.<\/p>\n<p>Plus d&#8217;un million de personnes ont \u00e9t\u00e9 d\u00e9plac\u00e9es de force \u00e0 Gaza, a-t-il not\u00e9, \u00ab sans aucun endroit s\u00fbr o\u00f9 aller \u00bb.<\/p>\n<p>La d\u00e9cision de la Cour intervient alors que la communaut\u00e9 internationale s&#8217;interroge de plus en plus sur la poursuite du commerce d&#8217;armes entre le Royaume-Uni et Isra\u00ebl, les groupes de d\u00e9fense des droits de l&#8217;homme mettant en garde contre de graves violations du droit international et exhortant le gouvernement \u00e0 prendre des mesures d&#8217;urgence.<\/p>\n<p>Au m\u00e9pris des appels internationaux \u00e0 un cessez-le-feu, l&#8217;arm\u00e9e isra\u00e9lienne a tu\u00e9 plus de 56 500 Palestiniens lors de sa guerre g\u00e9nocidaire dans la Bande de Gaza depuis le mois d&#8217;octobre 2023.<\/p>\n<p>En novembre dernier, la Cour p\u00e9nale internationale (CPI) a d\u00e9livr\u00e9 des mandats d&#8217;arr\u00eat \u00e0 l&#8217;encontre du Premier ministre isra\u00e9lien, Benyamin Netanyahu, et de son ancien ministre de la d\u00e9fense, Yoav Gallant, pour crimes de guerre et crimes contre l&#8217;humanit\u00e9 commis dans la Bande de Gaza.<\/p>\n<p>Isra\u00ebl est \u00e9galement poursuivi pour \u00ab crime de g\u00e9nocide \u00bb devant la Cour internationale de justice (CIJ) en raison de la guerre qu&#8217;il m\u00e8ne contre l&#8217;enclave palestinienne.<\/p>\n<p>aa.com.tr<\/p>\n","protected":false},"excerpt":{"rendered":"<p>\u00ab Ce jour marque le d\u00e9but d&#8217;un combat que nous allons tous poursuivre \u00bb, a d\u00e9clar\u00e9 Yasmine Ahmed, directrice ex\u00e9cutive de Human Rights Watch UK, suite au refus de bloquer les exportations d&#8217;armes britanniques vers Isra\u00ebl. Les principales organisations de d\u00e9fense des droits de l&#8217;homme ont vivement critiqu\u00e9, lundi, la d\u00e9cision de la Haute Cour &hellip;<\/p>\n","protected":false},"author":2,"featured_media":16837,"comment_status":"open","ping_status":"open","sticky":false,"template":"","format":"standard","meta":{"footnotes":""},"categories":[18,29],"tags":[],"class_list":["post-16836","post","type-post","status-publish","format-standard","has-post-thumbnail","hentry","category-actualites","category-monde"],"_links":{"self":[{"href":"https:\/\/ladepeche.mr\/index.php?rest_route=\/wp\/v2\/posts\/16836","targetHints":{"allow":["GET"]}}],"collection":[{"href":"https:\/\/ladepeche.mr\/index.php?rest_route=\/wp\/v2\/posts"}],"about":[{"href":"https:\/\/ladepeche.mr\/index.php?rest_route=\/wp\/v2\/types\/post"}],"author":[{"embeddable":true,"href":"https:\/\/ladepeche.mr\/index.php?rest_route=\/wp\/v2\/users\/2"}],"replies":[{"embeddable":true,"href":"https:\/\/ladepeche.mr\/index.php?rest_route=%2Fwp%2Fv2%2Fcomments&post=16836"}],"version-history":[{"count":1,"href":"https:\/\/ladepeche.mr\/index.php?rest_route=\/wp\/v2\/posts\/16836\/revisions"}],"predecessor-version":[{"id":16838,"href":"https:\/\/ladepeche.mr\/index.php?rest_route=\/wp\/v2\/posts\/16836\/revisions\/16838"}],"wp:featuredmedia":[{"embeddable":true,"href":"https:\/\/ladepeche.mr\/index.php?rest_route=\/wp\/v2\/media\/16837"}],"wp:attachment":[{"href":"https:\/\/ladepeche.mr\/index.php?rest_route=%2Fwp%2Fv2%2Fmedia&parent=16836"}],"wp:term":[{"taxonomy":"category","embeddable":true,"href":"https:\/\/ladepeche.mr\/index.php?rest_route=%2Fwp%2Fv2%2Fcategories&post=16836"},{"taxonomy":"post_tag","embeddable":true,"href":"https:\/\/ladepeche.mr\/index.php?rest_route=%2Fwp%2Fv2%2Ftags&post=16836"}],"curies":[{"name":"wp","href":"https:\/\/api.w.org\/{rel}","templated":true}]}}