{"id":16839,"date":"2025-07-09T15:38:08","date_gmt":"2025-07-09T15:38:08","guid":{"rendered":"https:\/\/ladepeche.mr\/?p=16839"},"modified":"2025-07-10T14:58:46","modified_gmt":"2025-07-10T14:58:46","slug":"reprise-des-activites-de-peche-les-prix-du-poulpe-en-hausse-la-turlutte-interdite-refait-surface","status":"publish","type":"post","link":"https:\/\/ladepeche.mr\/?p=16839","title":{"rendered":"Reprise des activit\u00e9s de p\u00eache: Les prix du poulpe en hausse, la turlutte interdite refait surface!"},"content":{"rendered":"<p>Apr\u00e8s deux semaines de la reprise des activit\u00e9s de la p\u00eache artisanale au poulpe, effective depuis le 27 juin dernier, les p\u00eacheurs artisans n&#8217;affichement pas totalement leur satisf\u00e9cit en raison de perturbations qui ont impact\u00e9 le rendement de ces deux semaines de mar\u00e9e.<br \/>\nLa production n&#8217;est pas au rendez-vous pour diverses raisons dont les conditions marines doubl\u00e9s d&#8217;une mission Onispa-Ue de supervision de la conformit\u00e9 aux normes europ\u00e9ennes de salubrit\u00e9. Les vents violents seraient d&#8217;ailleurs \u00e0 l&#8217;origine du chavirement, au tout d\u00e9but de la reprise, de deux embarcations avec morts d&#8217;hommes.<br \/>\nUne mission Onispa-Ue (OAV), arriv\u00e9e vers le 2 juillet \u00e0 Nouadhibou, est \u00e9galement point\u00e9e du doigt comme source des d\u00e9sagr\u00e9ments de la reprise. La visite portait sur l&#8217;inspection des installations, portuaires, celles du traitement et de transport et d&#8217;entreposages des produits halieutiques. Un v\u00e9ritable branle-bas qui serait m\u00eame \u00e0 l&#8217;origine de l&#8217;interdiction de sortie pour la p\u00eache artisanale par les services des gardes c\u00f4tes.<\/p>\n<p><img loading=\"lazy\" decoding=\"async\" src=\"http:\/\/ladepeche.mr\/wp-content\/uploads\/2025\/07\/interdiction-de-la-peche-a-la-turlutte-214x300.jpg\" alt=\"\" width=\"214\" height=\"300\" class=\"alignright size-medium wp-image-16840\" \/><\/p>\n<p>En d\u00e9pit des tracas et m\u00eame s&#8217;ils saluent le bon assainissement op\u00e9r\u00e9 pour une plus grande salubrit\u00e9 des sites de p\u00eache, les p\u00eacheurs gardent tout de m\u00eame le sourire gr\u00e2ce au profit du poulpe sur le march\u00e9 qui se n\u00e9goie autour de 4600 mro\/kg. La chert\u00e9 du produit, en relation \u00e9galement avec sa raret\u00e9, serait les p\u00eacheurs mauritaniens un palliatif \u00e0 la restriction des activit\u00e9s ces derniers jours. Mais les p\u00eacheurs artisans pointent tout de m\u00eame l&#8217;introduction d&#8217;une nouvelle technique de p\u00eache, celle de la turlutte, cens\u00e9e \u00eatre interdite depuis 2024 par d\u00e9cision num\u00e9ro 3291 du commandement des gardes-c\u00f4tes. La technique de p\u00eache originaire du Japon, visant \u00e0 capturer des c\u00e9phalopodes tels que les calmars et les seiches. La r\u00e9introduction de cette technique profiterait \u00e0 80% par des embarcations \u00e9trang\u00e8res dont le nombre n&#8217;est pas connue avec exactitude.  <\/p>\n","protected":false},"excerpt":{"rendered":"<p>Apr\u00e8s deux semaines de la reprise des activit\u00e9s de la p\u00eache artisanale au poulpe, effective depuis le 27 juin dernier, les p\u00eacheurs artisans n&#8217;affichement pas totalement leur satisf\u00e9cit en raison de perturbations qui ont impact\u00e9 le rendement de ces deux semaines de mar\u00e9e. La production n&#8217;est pas au rendez-vous pour diverses raisons dont les conditions &hellip;<\/p>\n","protected":false},"author":2,"featured_media":11554,"comment_status":"open","ping_status":"open","sticky":false,"template":"","format":"standard","meta":{"footnotes":""},"categories":[18,2],"tags":[],"class_list":["post-16839","post","type-post","status-publish","format-standard","has-post-thumbnail","hentry","category-actualites","category-economie"],"_links":{"self":[{"href":"https:\/\/ladepeche.mr\/index.php?rest_route=\/wp\/v2\/posts\/16839","targetHints":{"allow":["GET"]}}],"collection":[{"href":"https:\/\/ladepeche.mr\/index.php?rest_route=\/wp\/v2\/posts"}],"about":[{"href":"https:\/\/ladepeche.mr\/index.php?rest_route=\/wp\/v2\/types\/post"}],"author":[{"embeddable":true,"href":"https:\/\/ladepeche.mr\/index.php?rest_route=\/wp\/v2\/users\/2"}],"replies":[{"embeddable":true,"href":"https:\/\/ladepeche.mr\/index.php?rest_route=%2Fwp%2Fv2%2Fcomments&post=16839"}],"version-history":[{"count":3,"href":"https:\/\/ladepeche.mr\/index.php?rest_route=\/wp\/v2\/posts\/16839\/revisions"}],"predecessor-version":[{"id":16845,"href":"https:\/\/ladepeche.mr\/index.php?rest_route=\/wp\/v2\/posts\/16839\/revisions\/16845"}],"wp:featuredmedia":[{"embeddable":true,"href":"https:\/\/ladepeche.mr\/index.php?rest_route=\/wp\/v2\/media\/11554"}],"wp:attachment":[{"href":"https:\/\/ladepeche.mr\/index.php?rest_route=%2Fwp%2Fv2%2Fmedia&parent=16839"}],"wp:term":[{"taxonomy":"category","embeddable":true,"href":"https:\/\/ladepeche.mr\/index.php?rest_route=%2Fwp%2Fv2%2Fcategories&post=16839"},{"taxonomy":"post_tag","embeddable":true,"href":"https:\/\/ladepeche.mr\/index.php?rest_route=%2Fwp%2Fv2%2Ftags&post=16839"}],"curies":[{"name":"wp","href":"https:\/\/api.w.org\/{rel}","templated":true}]}}