{"id":16847,"date":"2025-07-12T13:13:03","date_gmt":"2025-07-12T13:13:03","guid":{"rendered":"https:\/\/ladepeche.mr\/?p=16847"},"modified":"2025-07-12T13:17:20","modified_gmt":"2025-07-12T13:17:20","slug":"diplomatie-dakar-demande-a-biram-dah-abeid-de-suspendre-ses-activites-politiques-sur-le-sol-senegalais","status":"publish","type":"post","link":"https:\/\/ladepeche.mr\/?p=16847","title":{"rendered":"Diplomatie : Dakar demande \u00e0 Biram Dah Abeid de suspendre ses activit\u00e9s politiques sur le sol s\u00e9n\u00e9galais"},"content":{"rendered":"<p>Selon les informations rapport\u00e9es par le m\u00e9dia mauritanien Al Akhbar, le minist\u00e8re de l\u2019Int\u00e9rieur du S\u00e9n\u00e9gal a exig\u00e9 du d\u00e9put\u00e9 mauritanien Biram Dah Abeid qu\u2019il cesse toute activit\u00e9 politique sur le sol s\u00e9n\u00e9galais. Cette d\u00e9cision fait suite \u00e0 une plainte officielle d\u00e9pos\u00e9e par le gouvernement mauritanien aupr\u00e8s des autorit\u00e9s s\u00e9n\u00e9galaises.<\/p>\n<p>Toujours selon Al Akhbar, cette demande serait intervenue apr\u00e8s une rencontre entre l\u2019ambassadeur de Mauritanie \u00e0 Dakar, Mohamed Ali Ould Sidi Mohamed, et le Premier ministre s\u00e9n\u00e9galais Ousmane Sonko. Nouakchott aurait exprim\u00e9 son m\u00e9contentement vis-\u00e0-vis de l\u2019engagement politique actif de Birame Dah Abeid au S\u00e9n\u00e9gal, qu\u2019elle juge nuisible.<\/p>\n<p>Le d\u00e9put\u00e9 aurait \u00e9t\u00e9 convoqu\u00e9 mercredi dernier par la police des fronti\u00e8res s\u00e9n\u00e9galaises, qui l\u2019a inform\u00e9 du souhait du ministre s\u00e9n\u00e9galais de l\u2019Int\u00e9rieur de le rencontrer. La rencontre a bien eu lieu ce vendredi, en pr\u00e9sence de plusieurs hauts responsables de la s\u00e9curit\u00e9, dont le Directeur g\u00e9n\u00e9ral de la s\u00e9curit\u00e9 int\u00e9rieure et le Directeur de la police des fronti\u00e8res.<\/p>\n<p>D\u2019apr\u00e8s la m\u00eame source, le ministre de l\u2019Int\u00e9rieur a expliqu\u00e9 \u00e0 M. Dah Abeid que ses r\u00e9centes activit\u00e9s \u00e9taient devenues une source de g\u00eane pour les autorit\u00e9s mauritaniennes, et qu\u2019il n\u2019\u00e9tait d\u00e9sormais plus acceptable de poursuivre ce type d\u2019engagement depuis le territoire s\u00e9n\u00e9galais.<\/p>\n<p>En r\u00e9action, Biram Dah Abeid a d\u00e9clar\u00e9 respecter les lois en vigueur au S\u00e9n\u00e9gal comme en Mauritanie. Il a rappel\u00e9 qu\u2019il se rend r\u00e9guli\u00e8rement \u00e0 Dakar sans jamais avoir \u00e9t\u00e9 inqui\u00e9t\u00e9 auparavant par les autorit\u00e9s.<\/p>\n<p>Cette affaire met en lumi\u00e8re la sensibilit\u00e9 des relations diplomatiques entre le S\u00e9n\u00e9gal et la Mauritanie, deux pays li\u00e9s par une histoire commune, mais parfois marqu\u00e9s par des tensions autour de la question des exil\u00e9s politiques et des droits de l\u2019homme.<\/p>\n<p>Source https:\/\/emedia.sn<\/p>\n","protected":false},"excerpt":{"rendered":"<p>Selon les informations rapport\u00e9es par le m\u00e9dia mauritanien Al Akhbar, le minist\u00e8re de l\u2019Int\u00e9rieur du S\u00e9n\u00e9gal a exig\u00e9 du d\u00e9put\u00e9 mauritanien Biram Dah Abeid qu\u2019il cesse toute activit\u00e9 politique sur le sol s\u00e9n\u00e9galais. Cette d\u00e9cision fait suite \u00e0 une plainte officielle d\u00e9pos\u00e9e par le gouvernement mauritanien aupr\u00e8s des autorit\u00e9s s\u00e9n\u00e9galaises. Toujours selon Al Akhbar, cette &hellip;<\/p>\n","protected":false},"author":2,"featured_media":16848,"comment_status":"open","ping_status":"open","sticky":false,"template":"","format":"standard","meta":{"footnotes":""},"categories":[18,31],"tags":[],"class_list":["post-16847","post","type-post","status-publish","format-standard","has-post-thumbnail","hentry","category-actualites","category-politique-et-reportages"],"_links":{"self":[{"href":"https:\/\/ladepeche.mr\/index.php?rest_route=\/wp\/v2\/posts\/16847","targetHints":{"allow":["GET"]}}],"collection":[{"href":"https:\/\/ladepeche.mr\/index.php?rest_route=\/wp\/v2\/posts"}],"about":[{"href":"https:\/\/ladepeche.mr\/index.php?rest_route=\/wp\/v2\/types\/post"}],"author":[{"embeddable":true,"href":"https:\/\/ladepeche.mr\/index.php?rest_route=\/wp\/v2\/users\/2"}],"replies":[{"embeddable":true,"href":"https:\/\/ladepeche.mr\/index.php?rest_route=%2Fwp%2Fv2%2Fcomments&post=16847"}],"version-history":[{"count":2,"href":"https:\/\/ladepeche.mr\/index.php?rest_route=\/wp\/v2\/posts\/16847\/revisions"}],"predecessor-version":[{"id":16850,"href":"https:\/\/ladepeche.mr\/index.php?rest_route=\/wp\/v2\/posts\/16847\/revisions\/16850"}],"wp:featuredmedia":[{"embeddable":true,"href":"https:\/\/ladepeche.mr\/index.php?rest_route=\/wp\/v2\/media\/16848"}],"wp:attachment":[{"href":"https:\/\/ladepeche.mr\/index.php?rest_route=%2Fwp%2Fv2%2Fmedia&parent=16847"}],"wp:term":[{"taxonomy":"category","embeddable":true,"href":"https:\/\/ladepeche.mr\/index.php?rest_route=%2Fwp%2Fv2%2Fcategories&post=16847"},{"taxonomy":"post_tag","embeddable":true,"href":"https:\/\/ladepeche.mr\/index.php?rest_route=%2Fwp%2Fv2%2Ftags&post=16847"}],"curies":[{"name":"wp","href":"https:\/\/api.w.org\/{rel}","templated":true}]}}