{"id":16855,"date":"2025-07-12T15:06:41","date_gmt":"2025-07-12T15:06:41","guid":{"rendered":"https:\/\/ladepeche.mr\/?p=16855"},"modified":"2025-07-12T15:06:41","modified_gmt":"2025-07-12T15:06:41","slug":"le-ministre-delegue-charge-du-budget-examine-le-renforcement-du-partenariat-avec-la-banque-africaine-de-developpement","status":"publish","type":"post","link":"https:\/\/ladepeche.mr\/?p=16855","title":{"rendered":"Le ministre d\u00e9l\u00e9gu\u00e9 charg\u00e9 du Budget examine le renforcement du partenariat avec la Banque africaine de d\u00e9veloppement"},"content":{"rendered":"<p>Son Excellence le ministre d\u00e9l\u00e9gu\u00e9 aupr\u00e8s du ministre de l\u2019\u00c9conomie et des Finances, charg\u00e9 du Budget, M. Codioro Moussa N&#8217;guenore, a re\u00e7u en audience, ce jeudi matin, dans son bureau \u00e0 Nouakchott, Dr Abdel Hakim Meswarty, directeur ex\u00e9cutif repr\u00e9sentant la Mauritanie et la Libye aupr\u00e8s de la Banque africaine de d\u00e9veloppement (BAD), et ce  en pr\u00e9sence du directeur g\u00e9n\u00e9ral des financements et de la coop\u00e9ration \u00e9conomique au minist\u00e8re, M. Mohamed Salem Ould Nani.<\/p>\n<p>La r\u00e9union a permis de passer en revue les diff\u00e9rents axes de coop\u00e9ration actuelle entre la Mauritanie et la Banque, et d\u2019\u00e9changer sur les m\u00e9canismes susceptibles de renforcer ce partenariat strat\u00e9gique au service des priorit\u00e9s nationales en mati\u00e8re de d\u00e9veloppement \u00e9conomique et social.<\/p>\n<p>Les discussions ont \u00e9galement port\u00e9 sur l\u2019\u00e9valuation du bilan des r\u00e9alisations dans le cadre des projets conjoints ant\u00e9rieurs, ainsi que sur les difficult\u00e9s rencontr\u00e9es dans la mise en \u0153uvre des programmes de d\u00e9veloppement en cours. L\u2019objectif \u00e9tant d\u2019identifier des solutions concr\u00e8tes pour garantir une atteinte plus efficace des objectifs fix\u00e9s.<br \/>\nA l&#8217;issue de la rencontre, les deux parties ont r\u00e9affirm\u00e9 leur engagement mutuel \u00e0 approfondir la coop\u00e9ration dans les diff\u00e9rents domaines du d\u00e9veloppement, en s\u2019appuyant sur les relations solides et historiques unissant la Mauritanie \u00e0 la BAD, dans une perspective de soutien aux efforts de d\u00e9veloppement durable et d\u2019am\u00e9lioration des conditions de vie des citoyens mauritaniens.<br \/>\nSource MEF<\/p>\n","protected":false},"excerpt":{"rendered":"<p>Son Excellence le ministre d\u00e9l\u00e9gu\u00e9 aupr\u00e8s du ministre de l\u2019\u00c9conomie et des Finances, charg\u00e9 du Budget, M. Codioro Moussa N&#8217;guenore, a re\u00e7u en audience, ce jeudi matin, dans son bureau \u00e0 Nouakchott, Dr Abdel Hakim Meswarty, directeur ex\u00e9cutif repr\u00e9sentant la Mauritanie et la Libye aupr\u00e8s de la Banque africaine de d\u00e9veloppement (BAD), et ce en &hellip;<\/p>\n","protected":false},"author":2,"featured_media":16856,"comment_status":"open","ping_status":"open","sticky":false,"template":"","format":"standard","meta":{"footnotes":""},"categories":[18,2],"tags":[],"class_list":["post-16855","post","type-post","status-publish","format-standard","has-post-thumbnail","hentry","category-actualites","category-economie"],"_links":{"self":[{"href":"https:\/\/ladepeche.mr\/index.php?rest_route=\/wp\/v2\/posts\/16855","targetHints":{"allow":["GET"]}}],"collection":[{"href":"https:\/\/ladepeche.mr\/index.php?rest_route=\/wp\/v2\/posts"}],"about":[{"href":"https:\/\/ladepeche.mr\/index.php?rest_route=\/wp\/v2\/types\/post"}],"author":[{"embeddable":true,"href":"https:\/\/ladepeche.mr\/index.php?rest_route=\/wp\/v2\/users\/2"}],"replies":[{"embeddable":true,"href":"https:\/\/ladepeche.mr\/index.php?rest_route=%2Fwp%2Fv2%2Fcomments&post=16855"}],"version-history":[{"count":1,"href":"https:\/\/ladepeche.mr\/index.php?rest_route=\/wp\/v2\/posts\/16855\/revisions"}],"predecessor-version":[{"id":16857,"href":"https:\/\/ladepeche.mr\/index.php?rest_route=\/wp\/v2\/posts\/16855\/revisions\/16857"}],"wp:featuredmedia":[{"embeddable":true,"href":"https:\/\/ladepeche.mr\/index.php?rest_route=\/wp\/v2\/media\/16856"}],"wp:attachment":[{"href":"https:\/\/ladepeche.mr\/index.php?rest_route=%2Fwp%2Fv2%2Fmedia&parent=16855"}],"wp:term":[{"taxonomy":"category","embeddable":true,"href":"https:\/\/ladepeche.mr\/index.php?rest_route=%2Fwp%2Fv2%2Fcategories&post=16855"},{"taxonomy":"post_tag","embeddable":true,"href":"https:\/\/ladepeche.mr\/index.php?rest_route=%2Fwp%2Fv2%2Ftags&post=16855"}],"curies":[{"name":"wp","href":"https:\/\/api.w.org\/{rel}","templated":true}]}}