{"id":16858,"date":"2025-07-12T17:00:58","date_gmt":"2025-07-12T17:00:58","guid":{"rendered":"https:\/\/ladepeche.mr\/?p=16858"},"modified":"2025-07-12T15:12:34","modified_gmt":"2025-07-12T15:12:34","slug":"le-ministre-delegue-inaugure-une-unite-de-formation-en-finances-publiques","status":"publish","type":"post","link":"https:\/\/ladepeche.mr\/?p=16858","title":{"rendered":"Le ministre d\u00e9l\u00e9gu\u00e9 inaugure une unit\u00e9 de formation en finances publiques"},"content":{"rendered":"<p>Son Excellence le  ministre d\u00e9l\u00e9gu\u00e9 aupr\u00e8s du ministre de l\u2019\u00c9conomie et des Finances, charg\u00e9 du Budget, M. Codioro Moussa N\u2019guenore, a proc\u00e9d\u00e9 vendredi \u00e0 Nouakchott \u00e0 l\u2019inauguration d\u2019une unit\u00e9 sp\u00e9cialis\u00e9e de formation en finances publiques, install\u00e9e au  Minist\u00e8re.<\/p>\n<p>L&#8217;initiative qui s\u2019inscrit dans le cadre d\u2019un partenariat avec le Tr\u00e9sor public fran\u00e7ais et l\u2019agence Expertise France, vise \u00e0 renforcer les comp\u00e9tences des fonctionnaires et agents publics en vue d&#8217;appuyer la mise en \u0153uvre des r\u00e9formes financi\u00e8res engag\u00e9es.<\/p>\n<p>Dans son allocution, le ministre d\u00e9l\u00e9gu\u00e9 a soulign\u00e9 que la Mauritanie place le d\u00e9veloppement du capital humain et la bonne gouvernance au c\u0153ur de sa strat\u00e9gie de d\u00e9veloppement, pr\u00e9cisant que la formation constitue la pierre angulaire de la r\u00e9ussite de toutes les r\u00e9formes financi\u00e8res et budg\u00e9taires pr\u00e9vues.<\/p>\n<p>Il a indiqu\u00e9 que la nouvelle unit\u00e9 constitue une premi\u00e8re \u00e9tape vers la cr\u00e9ation d\u2019un institut int\u00e9gr\u00e9 de finances publiques, avec une orientation vers la digitalisation et la formation \u00e0 distance, afin de garantir un acc\u00e8s \u00e9largi et \u00e9quitable \u00e0 ces services \u00e0 travers tout le territoire national.<\/p>\n<p>L\u2019ambassadeur de France a, pour sa part, salu\u00e9 l\u2019engagement de la Mauritanie dans la r\u00e9forme de son administration depuis 2018, affirmant que la r\u00e9ussite de ces transformations requiert des ressources humaines comp\u00e9tentes et engag\u00e9es.<\/p>\n<p>\u00c0 noter que la Mauritanie accueillera en 2027 la neuvi\u00e8me \u00e9dition du Forum des instituts de finances publiques d\u2019Afrique, du Moyen-Orient et des Cara\u00efbes, un \u00e9v\u00e9nement qui consacre  son r\u00f4le croissant sur la sc\u00e8ne internationale dans ce domaine.<br \/>\nMEF<\/p>\n","protected":false},"excerpt":{"rendered":"<p>Son Excellence le ministre d\u00e9l\u00e9gu\u00e9 aupr\u00e8s du ministre de l\u2019\u00c9conomie et des Finances, charg\u00e9 du Budget, M. Codioro Moussa N\u2019guenore, a proc\u00e9d\u00e9 vendredi \u00e0 Nouakchott \u00e0 l\u2019inauguration d\u2019une unit\u00e9 sp\u00e9cialis\u00e9e de formation en finances publiques, install\u00e9e au Minist\u00e8re. L&#8217;initiative qui s\u2019inscrit dans le cadre d\u2019un partenariat avec le Tr\u00e9sor public fran\u00e7ais et l\u2019agence Expertise France, &hellip;<\/p>\n","protected":false},"author":2,"featured_media":15706,"comment_status":"open","ping_status":"open","sticky":false,"template":"","format":"standard","meta":{"footnotes":""},"categories":[18,2],"tags":[],"class_list":["post-16858","post","type-post","status-publish","format-standard","has-post-thumbnail","hentry","category-actualites","category-economie"],"_links":{"self":[{"href":"https:\/\/ladepeche.mr\/index.php?rest_route=\/wp\/v2\/posts\/16858","targetHints":{"allow":["GET"]}}],"collection":[{"href":"https:\/\/ladepeche.mr\/index.php?rest_route=\/wp\/v2\/posts"}],"about":[{"href":"https:\/\/ladepeche.mr\/index.php?rest_route=\/wp\/v2\/types\/post"}],"author":[{"embeddable":true,"href":"https:\/\/ladepeche.mr\/index.php?rest_route=\/wp\/v2\/users\/2"}],"replies":[{"embeddable":true,"href":"https:\/\/ladepeche.mr\/index.php?rest_route=%2Fwp%2Fv2%2Fcomments&post=16858"}],"version-history":[{"count":1,"href":"https:\/\/ladepeche.mr\/index.php?rest_route=\/wp\/v2\/posts\/16858\/revisions"}],"predecessor-version":[{"id":16859,"href":"https:\/\/ladepeche.mr\/index.php?rest_route=\/wp\/v2\/posts\/16858\/revisions\/16859"}],"wp:featuredmedia":[{"embeddable":true,"href":"https:\/\/ladepeche.mr\/index.php?rest_route=\/wp\/v2\/media\/15706"}],"wp:attachment":[{"href":"https:\/\/ladepeche.mr\/index.php?rest_route=%2Fwp%2Fv2%2Fmedia&parent=16858"}],"wp:term":[{"taxonomy":"category","embeddable":true,"href":"https:\/\/ladepeche.mr\/index.php?rest_route=%2Fwp%2Fv2%2Fcategories&post=16858"},{"taxonomy":"post_tag","embeddable":true,"href":"https:\/\/ladepeche.mr\/index.php?rest_route=%2Fwp%2Fv2%2Ftags&post=16858"}],"curies":[{"name":"wp","href":"https:\/\/api.w.org\/{rel}","templated":true}]}}