{"id":16864,"date":"2025-07-14T14:32:01","date_gmt":"2025-07-14T14:32:01","guid":{"rendered":"https:\/\/ladepeche.mr\/?p=16864"},"modified":"2025-07-14T14:32:01","modified_gmt":"2025-07-14T14:32:01","slug":"le-president-de-la-republique-regagne-nouakchott-en-provenance-de-malabo","status":"publish","type":"post","link":"https:\/\/ladepeche.mr\/?p=16864","title":{"rendered":"Le Pr\u00e9sident de la R\u00e9publique regagne Nouakchott en provenance de Malabo"},"content":{"rendered":"<p>Son Excellence le Pr\u00e9sident de la R\u00e9publique Monsieur Mohamed Ould Cheikh El Ghazouani a regagn\u00e9 dimanche soir Nouakchott en provenance de la Guin\u00e9e Equatoriale, apr\u00e8s avoir particip\u00e9 \u00e0 la septi\u00e8me r\u00e9union semestrielle de coordination de l\u2019Union Africaine, qui s\u2019est tenue dans la capitale Malabo avec la participation des Chefs d\u2019Etat et de Gouvernement africains.<\/p>\n<p>Le Pr\u00e9sident de la R\u00e9publique a \u00e9t\u00e9 accueilli \u00e0 l\u2019a\u00e9roport international de Nouakchott Oumtounsi par le Premier Ministre, M. El Moctar Ould Djay, le Secr\u00e9taire G\u00e9n\u00e9ral de la Pr\u00e9sidence de la R\u00e9publique, M. Moulaye Ould Mohamed Laghdaf, les Ministres Conseillers \u00e0 la Pr\u00e9sidence de la R\u00e9publique, M. Mohamed Ould Abdallahi Ould Ethmane et Mme Aissata Ba Yahia, le Ministre de la Justice, M. Mohamed Mahmoud Ould Cheikh Abdallahi Ben Beya, le Ministre de la D\u00e9fense, des Retrait\u00e9s et des Enfants des Martyrs, M. Henan Ould Sidi, le Ministre de l\u2019Int\u00e9rieur, de la D\u00e9centralisation et du D\u00e9veloppement Local, M. Mohamed Ahmed Ould Mohamed Lemine, le Chef d\u2019Etat Major particulier du Pr\u00e9sident de la R\u00e9publique, le G\u00e9n\u00e9ral de de division, Brahim Vall ould Cheibani Cheikh Ahmed, la directrice adjointe de Cabinet du Pr\u00e9sident de la R\u00e9publique, Mme Gandega Fatimata, le wali de Nouakchott Ouest, m. M\u2019Rabih Rabou Ould Bounena Ould Abidine et la pr\u00e9sidente du Conseil r\u00e9gional de Nouakchott, Mme Vatimetou Mint Abdel Maleck.<\/p>\n<p>Le Pr\u00e9sident de la R\u00e9publique \u00e9tait accompagn\u00e9 d\u2019une d\u00e9l\u00e9gation de haut niveau comprenant :<\/p>\n<p>\u2013 le Ministre charg\u00e9 du cabinet du Pr\u00e9sident de la R\u00e9publique, M. Nani Ould Cchrougha.<\/p>\n<p>\u2013 le Ministre des Affaires \u00e9trang\u00e8res, de la Coop\u00e9ration africaine et des Mauritaniens de l\u2019ext\u00e9rieur, M. Mohamed Salem Ould Merzough<\/p>\n<p>\u2013 le Ministre de l\u2019Economie et des Finances, M. Sid Ahmed Ould Bouh.<\/p>\n<p>\u2013 Le D\u00e9l\u00e9gu\u00e9 de notre pays aupr\u00e8s de l\u2019Union africaine, M. El Houceine Ould El Naji.<\/p>\n<p>\u2013 L\u2019Ambassadeur de Mauritanie aupr\u00e8s de la R\u00e9publique de Guin\u00e9e Equatoriale, S.E. M. Mohamed Ould Mekhalla.<\/p>\n<p>\u2013 M. Sidi Mohamed Ould Ghaber, Charg\u00e9 de mission \u00e0 la Pr\u00e9sidence de la R\u00e9publique.<\/p>\n<p>\u2013 M. Tah Ahmed Maouloud, Conseiller \u00e0 la Pr\u00e9sidence de la R\u00e9publique.<\/p>\n<p>\u2013 M. El Hacen Ould Ahmed, directeur g\u00e9n\u00e9ral du Protocole d\u2019Etat.<br \/>\nAmi<\/p>\n","protected":false},"excerpt":{"rendered":"<p>Son Excellence le Pr\u00e9sident de la R\u00e9publique Monsieur Mohamed Ould Cheikh El Ghazouani a regagn\u00e9 dimanche soir Nouakchott en provenance de la Guin\u00e9e Equatoriale, apr\u00e8s avoir particip\u00e9 \u00e0 la septi\u00e8me r\u00e9union semestrielle de coordination de l\u2019Union Africaine, qui s\u2019est tenue dans la capitale Malabo avec la participation des Chefs d\u2019Etat et de Gouvernement africains. Le &hellip;<\/p>\n","protected":false},"author":2,"featured_media":16865,"comment_status":"open","ping_status":"open","sticky":false,"template":"","format":"standard","meta":{"footnotes":""},"categories":[18],"tags":[],"class_list":["post-16864","post","type-post","status-publish","format-standard","has-post-thumbnail","hentry","category-actualites"],"_links":{"self":[{"href":"https:\/\/ladepeche.mr\/index.php?rest_route=\/wp\/v2\/posts\/16864","targetHints":{"allow":["GET"]}}],"collection":[{"href":"https:\/\/ladepeche.mr\/index.php?rest_route=\/wp\/v2\/posts"}],"about":[{"href":"https:\/\/ladepeche.mr\/index.php?rest_route=\/wp\/v2\/types\/post"}],"author":[{"embeddable":true,"href":"https:\/\/ladepeche.mr\/index.php?rest_route=\/wp\/v2\/users\/2"}],"replies":[{"embeddable":true,"href":"https:\/\/ladepeche.mr\/index.php?rest_route=%2Fwp%2Fv2%2Fcomments&post=16864"}],"version-history":[{"count":1,"href":"https:\/\/ladepeche.mr\/index.php?rest_route=\/wp\/v2\/posts\/16864\/revisions"}],"predecessor-version":[{"id":16866,"href":"https:\/\/ladepeche.mr\/index.php?rest_route=\/wp\/v2\/posts\/16864\/revisions\/16866"}],"wp:featuredmedia":[{"embeddable":true,"href":"https:\/\/ladepeche.mr\/index.php?rest_route=\/wp\/v2\/media\/16865"}],"wp:attachment":[{"href":"https:\/\/ladepeche.mr\/index.php?rest_route=%2Fwp%2Fv2%2Fmedia&parent=16864"}],"wp:term":[{"taxonomy":"category","embeddable":true,"href":"https:\/\/ladepeche.mr\/index.php?rest_route=%2Fwp%2Fv2%2Fcategories&post=16864"},{"taxonomy":"post_tag","embeddable":true,"href":"https:\/\/ladepeche.mr\/index.php?rest_route=%2Fwp%2Fv2%2Ftags&post=16864"}],"curies":[{"name":"wp","href":"https:\/\/api.w.org\/{rel}","templated":true}]}}