{"id":16870,"date":"2025-07-14T14:44:55","date_gmt":"2025-07-14T14:44:55","guid":{"rendered":"https:\/\/ladepeche.mr\/?p=16870"},"modified":"2025-07-14T14:44:55","modified_gmt":"2025-07-14T14:44:55","slug":"mauritanie-les-attentes-de-lopposition-pour-un-vrai-dialogue-sincere-avec-quelquun-de-fiable","status":"publish","type":"post","link":"https:\/\/ladepeche.mr\/?p=16870","title":{"rendered":"Mauritanie: les attentes de l\u2019opposition pour \u00abun vrai dialogue, sinc\u00e8re, avec quelqu\u2019un de fiable\u00bb"},"content":{"rendered":"<p>En Mauritanie, le dialogue national s\u2019ouvrira dans deux semaines, selon le coordinateur officiel Moussa Fall, et portera sur des r\u00e9formes majeures. Parmi les principaux th\u00e8mes abord\u00e9s figureront la lutte contre la corruption, la r\u00e9forme du syst\u00e8me judiciaire et la refonte du syst\u00e8me \u00e9ducatif. Le d\u00e9put\u00e9 d\u2019opposition Biram Dah Abeid, pr\u00e9sident de la coalition anti-syst\u00e8me, a d\u00e9clar\u00e9 ne pas \u00eatre oppos\u00e9 au dialogue, tout en annon\u00e7ant qu\u2019il n\u2019y participera pas.<\/p>\n<p>Joint par le correspondant de RFI Fulfulde, Oumar Elhadj Thiam, le d\u00e9put\u00e9 Biram Dah Abeid justifie sa d\u00e9cision par l\u2019inefficacit\u00e9 des dialogues pr\u00e9c\u00e9dents qui, selon lui, n\u2019ont abouti \u00e0 aucun r\u00e9sultat concret.<\/p>\n<p>\u00ab Je suis un homme de dialogue, je suis un homme de paix, un homme de discussion, un homme de n\u00e9gociation. Pour moi, les probl\u00e8mes ne peuvent \u00eatre r\u00e9solus que par le dialogue, mais je parle d&#8217;un vrai dialogue, sinc\u00e8re, avec quelqu&#8217;un de fiable.<\/p>\n<p>La seule solution qui puisse me pousser \u00e0 accepter d&#8217;y adh\u00e9rer, c&#8217;est que Ghazouani [ Le pr\u00e9sident Mohamed Ould Ghazouani ] prenne des mesures, des mesures l\u00e9gales, urgentes, de r\u00e9tablissement de la justice. Premi\u00e8rement, il faut que lui-m\u00eame s&#8217;engage \u00e0 \u00eatre garant de ce dialogue, de ses r\u00e9sultats, de son d\u00e9roulement, de ses r\u00e9sultats et de leur application.<\/p>\n<p>Il faut qu&#8217;il soit garant des grands th\u00e8mes nationaux de priorit\u00e9 absolue qui doivent \u00eatre pos\u00e9s dans ce dialogue. Les th\u00e8mes sont connus : il y a des partis politiques interdits, il y a beaucoup de gens en Mauritanie qui sont des esclaves, priv\u00e9s de leurs droits, priv\u00e9s de leur humanit\u00e9. Il y a tous les Mauritaniens de toutes les ethnies qui sont priv\u00e9s de leurs droits de citoyens. Il faut ouvrir une enqu\u00eate judiciaire sur les martyrs de Ka\u00e9di qui ont \u00e9t\u00e9 tu\u00e9s de sang-froid, en 2024, au cours des \u00e9v\u00e9nements post-\u00e9lectoraux. \u00bb<br \/>\nRfi<\/p>\n","protected":false},"excerpt":{"rendered":"<p>En Mauritanie, le dialogue national s\u2019ouvrira dans deux semaines, selon le coordinateur officiel Moussa Fall, et portera sur des r\u00e9formes majeures. Parmi les principaux th\u00e8mes abord\u00e9s figureront la lutte contre la corruption, la r\u00e9forme du syst\u00e8me judiciaire et la refonte du syst\u00e8me \u00e9ducatif. Le d\u00e9put\u00e9 d\u2019opposition Biram Dah Abeid, pr\u00e9sident de la coalition anti-syst\u00e8me, a &hellip;<\/p>\n","protected":false},"author":2,"featured_media":16871,"comment_status":"open","ping_status":"open","sticky":false,"template":"","format":"standard","meta":{"footnotes":""},"categories":[18,31],"tags":[],"class_list":["post-16870","post","type-post","status-publish","format-standard","has-post-thumbnail","hentry","category-actualites","category-politique-et-reportages"],"_links":{"self":[{"href":"https:\/\/ladepeche.mr\/index.php?rest_route=\/wp\/v2\/posts\/16870","targetHints":{"allow":["GET"]}}],"collection":[{"href":"https:\/\/ladepeche.mr\/index.php?rest_route=\/wp\/v2\/posts"}],"about":[{"href":"https:\/\/ladepeche.mr\/index.php?rest_route=\/wp\/v2\/types\/post"}],"author":[{"embeddable":true,"href":"https:\/\/ladepeche.mr\/index.php?rest_route=\/wp\/v2\/users\/2"}],"replies":[{"embeddable":true,"href":"https:\/\/ladepeche.mr\/index.php?rest_route=%2Fwp%2Fv2%2Fcomments&post=16870"}],"version-history":[{"count":1,"href":"https:\/\/ladepeche.mr\/index.php?rest_route=\/wp\/v2\/posts\/16870\/revisions"}],"predecessor-version":[{"id":16872,"href":"https:\/\/ladepeche.mr\/index.php?rest_route=\/wp\/v2\/posts\/16870\/revisions\/16872"}],"wp:featuredmedia":[{"embeddable":true,"href":"https:\/\/ladepeche.mr\/index.php?rest_route=\/wp\/v2\/media\/16871"}],"wp:attachment":[{"href":"https:\/\/ladepeche.mr\/index.php?rest_route=%2Fwp%2Fv2%2Fmedia&parent=16870"}],"wp:term":[{"taxonomy":"category","embeddable":true,"href":"https:\/\/ladepeche.mr\/index.php?rest_route=%2Fwp%2Fv2%2Fcategories&post=16870"},{"taxonomy":"post_tag","embeddable":true,"href":"https:\/\/ladepeche.mr\/index.php?rest_route=%2Fwp%2Fv2%2Ftags&post=16870"}],"curies":[{"name":"wp","href":"https:\/\/api.w.org\/{rel}","templated":true}]}}