{"id":16873,"date":"2025-07-14T15:35:42","date_gmt":"2025-07-14T15:35:42","guid":{"rendered":"https:\/\/ladepeche.mr\/?p=16873"},"modified":"2025-07-14T15:05:46","modified_gmt":"2025-07-14T15:05:46","slug":"transport-de-personnes-et-de-marchandises-dakar-et-nouakchott-degagent-la-route","status":"publish","type":"post","link":"https:\/\/ladepeche.mr\/?p=16873","title":{"rendered":"Transport de personnes et de marchandises : Dakar et Nouakchott d\u00e9gagent la route"},"content":{"rendered":"<p>Apr\u00e8s des rapprochements dans beaucoup de domaines, le S\u00e9n\u00e9gal et la Mauritanie ont mis fin au gel de l\u2019accord sur le transport routier de personnes et de marchandises. Le corridor sera rouvert apr\u00e8s plus de 15 ans de fermeture, et va permettre d\u2019intensifier les relations entre les deux pays qui ont li\u00e9 leur destin dans l\u2019exploitation du gaz de Gta.Par Dieynaba KANE \u2013 <\/p>\n<p>Plus de 15 ans d\u2019attente. Depuis 2010, le corridor Dakar-Nouakchott \u00e9tait ferm\u00e9. Et les transporteurs routiers s\u00e9n\u00e9galais \u00e9taient oblig\u00e9s de d\u00e9barquer leurs marchandises \u00e0 la fronti\u00e8re, avant qu\u2019elles ne soient charg\u00e9es par des Mauri\u00adtaniens jusqu\u2019\u00e0 Nouakchott ou Nouadhibou. Et vice-versa ! En attendant la fin de la construction du pont de Rosso, les \u00e9changes commerciaux vont reprendre.<br \/>\nL\u2019accord de transport routier de personnes et de marchandises entre la Mauritanie et le S\u00e9n\u00e9gal est entr\u00e9 en vigueur, apr\u00e8s qu\u2019il a \u00e9t\u00e9 scell\u00e9 vendredi. Le ministre de l\u2019Equipement et des transports de la Mauri\u00adtanie, M. Ely Ould El Veirik, et le ministre s\u00e9n\u00e9galais des Infrastructures, des transports terrestres et a\u00e9riens, M. Yankhoba Di\u00e9m\u00e9, \u00e9taient vendredi dernier dans les locaux de la Soci\u00e9t\u00e9 des Bacs de Mauri\u00adtanie pour proc\u00e9der \u00ab\u00e0 la d\u00e9claration conjointe de l\u2019entr\u00e9e en vigueur de l\u2019accord de transport routier de personnes et de marchandises entre la R\u00e9publique islamique de Mauritanie et la R\u00e9publique du S\u00e9n\u00e9gal, par l\u2019abolition du principe de d\u00e9chargement des marchandises \u00e0 la fronti\u00e8re\u00bb. Lors de cette c\u00e9r\u00e9monie, le ministre mauritanien \u00aba soulign\u00e9 que l\u2019entr\u00e9e en vigueur de cet accord et les facilit\u00e9s pratiques de transit qui l\u2019accompagnent, sont susceptibles de lancer une nouvelle dynamique pour am\u00e9liorer le climat des affaires, encourager les transactions commerciales et \u00e9largir le cercle des interactions humaines, conform\u00e9ment \u00e0 la volont\u00e9 des dirigeants des deux pays fr\u00e8res, Son Excellence le pr\u00e9sident de la R\u00e9publique M. Mohamed Ould Cheikh El Ghazouani et son Excellence le pr\u00e9sident de la R\u00e9publique du S\u00e9n\u00e9gal, M. Bassirou Diomaye Faye, et aux aspirations des deux peuples fr\u00e8res\u00bb. Pour sa part, le ministre s\u00e9n\u00e9galais des Infras\u00adtructures, des transports terrestres et a\u00e9riens a fait savoir que les liens anciens et renouvel\u00e9s entre les deux pays \u00abexigent des responsables qu\u2019ils g\u00e8rent ce domaine commun de mani\u00e8re appropri\u00e9e, humaine et \u00e9quitable\u00bb. Yankhoba Di\u00e9m\u00e9 a, par la m\u00eame occasion, soulign\u00e9 que \u00abla mobilit\u00e9 et le mouvement n\u2019ont jamais \u00e9t\u00e9 une exception dans notre r\u00e9gion, mais ont constitu\u00e9 une caract\u00e9ristique essentielle de nos soci\u00e9t\u00e9s\u00bb. Il a en outre pr\u00e9cis\u00e9 que \u00abcette mobilit\u00e9 fait partie int\u00e9grante de notre patrimoine civilisationnel, un facteur de r\u00e9silience sociale, de transmission culturelle et d\u2019int\u00e9gration r\u00e9gionale, et que sa reconnaissance incarne la volont\u00e9 commune de la r\u00e9glementer sans freiner sa dynamique naturelle\u00bb. Saluant dans la m\u00eame veine la relation fraternelle entre les pr\u00e9sidents des deux Etats, M. Di\u00e9m\u00e9 soutient que \u00abl\u2019entente existante entre eux, bas\u00e9e sur le respect mutuel, la vision commune et le service de l\u2019int\u00e9r\u00eat g\u00e9n\u00e9ral, donne \u00e0 cette coop\u00e9ration un \u00e9lan politique fort et durable, et refl\u00e8te \u00e9galement une ambition commune de faire des relations mauritano-s\u00e9n\u00e9galaises un pilier de la stabilit\u00e9, de la paix et de l\u2019int\u00e9gration dans notre r\u00e9gion\u00bb. Il a aussi d\u00e9clar\u00e9 que la r\u00e9cente visite du Pm Ousmane Sonko \u00aben Mauritanie est consid\u00e9r\u00e9e comme une \u00e9tape strat\u00e9gique majeure, qui a permis de r\u00e9affirmer la haute volont\u00e9 politique de renforcer la coop\u00e9ration sectorielle, de faciliter les \u00e9changes et d\u2019ouvrir de nouvelles perspectives de coop\u00e9ration dans les domaines d\u2019int\u00e9r\u00eat commun\u00bb. Il faut noter que \u00abM. Mohamedou Ould Sidi, pr\u00e9sident de la F\u00e9d\u00e9ration nationale des transports, a expliqu\u00e9 que les int\u00e9r\u00eats des transporteurs sont prot\u00e9g\u00e9s dans cet accord, car un comit\u00e9 technique a \u00e9t\u00e9 form\u00e9 pour \u00e9tudier les prix du transport de marchandises et de personnes, soulignant que cet accord offrira de nombreuses opportunit\u00e9s aux transporteurs\u00bb.<br \/>\nPar ailleurs, les auteurs du document informent que \u00abla d\u00e9l\u00e9gation minist\u00e9rielle a effectu\u00e9 une visite d\u2019inspection et d\u2019information au projet de pont de Rosso, o\u00f9 elle a \u00e9cout\u00e9 des explications sur les \u00e9tapes d\u2019avancement des travaux de ce pont\u00bb.<br \/>\nhttps:\/\/lequotidien.sn\/transport-de-personnes-et-de-marchandises-dakar-et-nouakchott-degagent-la-route\/<\/p>\n","protected":false},"excerpt":{"rendered":"<p>Apr\u00e8s des rapprochements dans beaucoup de domaines, le S\u00e9n\u00e9gal et la Mauritanie ont mis fin au gel de l\u2019accord sur le transport routier de personnes et de marchandises. Le corridor sera rouvert apr\u00e8s plus de 15 ans de fermeture, et va permettre d\u2019intensifier les relations entre les deux pays qui ont li\u00e9 leur destin dans &hellip;<\/p>\n","protected":false},"author":2,"featured_media":16874,"comment_status":"open","ping_status":"open","sticky":false,"template":"","format":"standard","meta":{"footnotes":""},"categories":[18,2,29],"tags":[],"class_list":["post-16873","post","type-post","status-publish","format-standard","has-post-thumbnail","hentry","category-actualites","category-economie","category-monde"],"_links":{"self":[{"href":"https:\/\/ladepeche.mr\/index.php?rest_route=\/wp\/v2\/posts\/16873","targetHints":{"allow":["GET"]}}],"collection":[{"href":"https:\/\/ladepeche.mr\/index.php?rest_route=\/wp\/v2\/posts"}],"about":[{"href":"https:\/\/ladepeche.mr\/index.php?rest_route=\/wp\/v2\/types\/post"}],"author":[{"embeddable":true,"href":"https:\/\/ladepeche.mr\/index.php?rest_route=\/wp\/v2\/users\/2"}],"replies":[{"embeddable":true,"href":"https:\/\/ladepeche.mr\/index.php?rest_route=%2Fwp%2Fv2%2Fcomments&post=16873"}],"version-history":[{"count":1,"href":"https:\/\/ladepeche.mr\/index.php?rest_route=\/wp\/v2\/posts\/16873\/revisions"}],"predecessor-version":[{"id":16875,"href":"https:\/\/ladepeche.mr\/index.php?rest_route=\/wp\/v2\/posts\/16873\/revisions\/16875"}],"wp:featuredmedia":[{"embeddable":true,"href":"https:\/\/ladepeche.mr\/index.php?rest_route=\/wp\/v2\/media\/16874"}],"wp:attachment":[{"href":"https:\/\/ladepeche.mr\/index.php?rest_route=%2Fwp%2Fv2%2Fmedia&parent=16873"}],"wp:term":[{"taxonomy":"category","embeddable":true,"href":"https:\/\/ladepeche.mr\/index.php?rest_route=%2Fwp%2Fv2%2Fcategories&post=16873"},{"taxonomy":"post_tag","embeddable":true,"href":"https:\/\/ladepeche.mr\/index.php?rest_route=%2Fwp%2Fv2%2Ftags&post=16873"}],"curies":[{"name":"wp","href":"https:\/\/api.w.org\/{rel}","templated":true}]}}