{"id":16883,"date":"2025-07-14T19:08:00","date_gmt":"2025-07-14T19:08:00","guid":{"rendered":"https:\/\/ladepeche.mr\/?p=16883"},"modified":"2025-07-14T19:08:00","modified_gmt":"2025-07-14T19:08:00","slug":"interpellations-de-biram-dah-abeid-et-de-samba-thiam-communique-opposition-democratique","status":"publish","type":"post","link":"https:\/\/ladepeche.mr\/?p=16883","title":{"rendered":"Interpellations de Biram Dah Abeid et de Samba Thiam (communiqu\u00e9 opposition d\u00e9mocratique)"},"content":{"rendered":"<p>R\u00e9unis en Assembl\u00e9e g\u00e9n\u00e9rale pl\u00e9ni\u00e8re de restitution des travaux de la Commission technique, le 13 juillet 2025 au si\u00e8ge de l\u2019UFP, nous, partis et courants politiques de l\u2019opposition d\u00e9mocratique avons appris avec consternation l\u2019intervention insolite des autorit\u00e9s mauritaniennes aupr\u00e8s du minist\u00e8re de l\u2019Int\u00e9rieur du S\u00e9n\u00e9gal \u00e0 l\u2019encontre des Pr\u00e9sidents Biram Dah Ould Abeid et Samba Thiam.<br \/>\nL\u2019opposition d\u00e9mocratique exprime son indignation face \u00e0 ce qui appara\u00eet comme un acte de provocation inacceptable, contraire \u00e0 l\u2019appel au Dialogue lanc\u00e9 par le Pr\u00e9sident de la R\u00e9publique et \u00e0 la n\u00e9cessit\u00e9 d\u2019un apaisement de la sc\u00e8ne politique sur la base du respect des droits et libert\u00e9s des citoyens ainsi que de l\u2019Etat de droit.<br \/>\nLes partis d\u2019opposition d\u00e9mocratique mauritaniens r\u00e9affirment leur solidarit\u00e9 avec les leaders politiques concern\u00e9s, tout en exhortant les autorit\u00e9s des pays fr\u00e8res \u00e0 ne pas c\u00e9der aux man\u0153uvres visant \u00e0 ternir l\u2019image de marque des opposants pacifiques, respectueux de l\u2019hospitalit\u00e9 des pays fr\u00e8res. <\/p>\n<p>Nouakchott le 13 juillet 2025<br \/>\n                                                                                             Les partis et mouvements de l&#8217;opposition d\u00e9mocratique<\/p>\n","protected":false},"excerpt":{"rendered":"<p>R\u00e9unis en Assembl\u00e9e g\u00e9n\u00e9rale pl\u00e9ni\u00e8re de restitution des travaux de la Commission technique, le 13 juillet 2025 au si\u00e8ge de l\u2019UFP, nous, partis et courants politiques de l\u2019opposition d\u00e9mocratique avons appris avec consternation l\u2019intervention insolite des autorit\u00e9s mauritaniennes aupr\u00e8s du minist\u00e8re de l\u2019Int\u00e9rieur du S\u00e9n\u00e9gal \u00e0 l\u2019encontre des Pr\u00e9sidents Biram Dah Ould Abeid et Samba &hellip;<\/p>\n","protected":false},"author":2,"featured_media":5732,"comment_status":"open","ping_status":"open","sticky":false,"template":"","format":"standard","meta":{"footnotes":""},"categories":[18,31],"tags":[],"class_list":["post-16883","post","type-post","status-publish","format-standard","has-post-thumbnail","hentry","category-actualites","category-politique-et-reportages"],"_links":{"self":[{"href":"https:\/\/ladepeche.mr\/index.php?rest_route=\/wp\/v2\/posts\/16883","targetHints":{"allow":["GET"]}}],"collection":[{"href":"https:\/\/ladepeche.mr\/index.php?rest_route=\/wp\/v2\/posts"}],"about":[{"href":"https:\/\/ladepeche.mr\/index.php?rest_route=\/wp\/v2\/types\/post"}],"author":[{"embeddable":true,"href":"https:\/\/ladepeche.mr\/index.php?rest_route=\/wp\/v2\/users\/2"}],"replies":[{"embeddable":true,"href":"https:\/\/ladepeche.mr\/index.php?rest_route=%2Fwp%2Fv2%2Fcomments&post=16883"}],"version-history":[{"count":1,"href":"https:\/\/ladepeche.mr\/index.php?rest_route=\/wp\/v2\/posts\/16883\/revisions"}],"predecessor-version":[{"id":16884,"href":"https:\/\/ladepeche.mr\/index.php?rest_route=\/wp\/v2\/posts\/16883\/revisions\/16884"}],"wp:featuredmedia":[{"embeddable":true,"href":"https:\/\/ladepeche.mr\/index.php?rest_route=\/wp\/v2\/media\/5732"}],"wp:attachment":[{"href":"https:\/\/ladepeche.mr\/index.php?rest_route=%2Fwp%2Fv2%2Fmedia&parent=16883"}],"wp:term":[{"taxonomy":"category","embeddable":true,"href":"https:\/\/ladepeche.mr\/index.php?rest_route=%2Fwp%2Fv2%2Fcategories&post=16883"},{"taxonomy":"post_tag","embeddable":true,"href":"https:\/\/ladepeche.mr\/index.php?rest_route=%2Fwp%2Fv2%2Ftags&post=16883"}],"curies":[{"name":"wp","href":"https:\/\/api.w.org\/{rel}","templated":true}]}}