{"id":16885,"date":"2025-07-15T09:02:21","date_gmt":"2025-07-15T09:02:21","guid":{"rendered":"https:\/\/ladepeche.mr\/?p=16885"},"modified":"2025-07-15T09:02:21","modified_gmt":"2025-07-15T09:02:21","slug":"nouakchott-ouest-abrite-une-table-ronde-sur-le-sauvetage-des-migrants-en-mer","status":"publish","type":"post","link":"https:\/\/ladepeche.mr\/?p=16885","title":{"rendered":"Nouakchott Ouest abrite une table ronde sur le sauvetage des migrants en mer"},"content":{"rendered":"<p>Les participants \u00e0 une table ronde r\u00e9gionale consacr\u00e9e au sauvetage et \u00e0 la prise en charge des migrants en mer ont d\u00e9cid\u00e9 de la mise en place d\u2019un comit\u00e9 de suivi pour une meilleure coordination des efforts des diff\u00e9rents intervenants.<br \/>\nDans son discours d\u2019ouverture, le wali de Nouakchott Ouest, Mrabih Rabou Bounenna Abidine, a rappel\u00e9 que cette r\u00e9union s\u2019inscrit dans le cadre de la mise en \u0153uvre des d\u00e9cisions n\u00b0590\/591 du 30 mai 2025. Ces textes d\u00e9finissent les proc\u00e9dures op\u00e9rationnelles standard pour la recherche, le sauvetage, le d\u00e9barquement et la prise en charge des migrants intercept\u00e9s en mer.<br \/>\n\u00ab L\u2019objectif est d\u2019activer le r\u00f4le des membres de la table ronde r\u00e9gionale en int\u00e9grant les recommandations op\u00e9rationnelles dans la gestion quotidienne des situations migratoires \u00bb, a-t-il soulign\u00e9, tout en insistant sur la n\u00e9cessit\u00e9 de respecter les lois internationales en la mati\u00e8re.<br \/>\nIl a \u00e9voqu\u00e9, par ailleurs, la situation actuelle des quatre centres d\u2019h\u00e9bergement situ\u00e9s \u00e0 Nouakchott, appelant \u00e0 une gestion rigoureuse des migrants intercept\u00e9s par les garde-c\u00f4tes avant leur remise aux autorit\u00e9s comp\u00e9tentes.<br \/>\n\u00c0 noter que le comit\u00e9 de suivi mis en place est charg\u00e9 d\u2019\u00e9valuer la situation et de proposer un plan d\u2019action global prenant en compte les questions li\u00e9es \u00e0 l\u2019accueil, au traitement et \u00e0 la prise en charge des migrants, dans une optique de respect des droits humains. A cet \u00e9gard tous les intervenants ont \u00e9t\u00e9 associ\u00e9s. Il s\u2019agit notamment de l\u2019Office national de lutte contre la traite des personnes, ainsi que l\u2019OIM et le HCR.<br \/>\nSelon un rapport de l\u2019agence europ\u00e9enne Frontex relay\u00e9 par InfosMigrants, les arriv\u00e9es des migrants dans les Iles Canaries ont chut\u00e9 de 41 % au premier semestre 2025. Alors qu\u2019on comptait 7338 arriv\u00e9es en novembre 2024, seules 445 ont \u00e9t\u00e9 enregistr\u00e9es en mai 2025. De janvier \u00e0 juin 2025, le nombre de migrants a baiss\u00e9 de 19\u202f100 \u00e0 11\u202f300 par rapport \u00e0 la m\u00eame p\u00e9riode de l\u2019ann\u00e9e pr\u00e9c\u00e9dente.<br \/>\nUne accalmie est constat\u00e9e ces derniers mois avec les mesures coercitives mises en place par la Mauritanie et le S\u00e9n\u00e9gal sur l\u2019itin\u00e9raire des migrants irr\u00e9guliers vers l\u2019Europe. En Mauritanie, les autorit\u00e9s annoncent avoir intercept\u00e9 30\u202f000 migrants et d\u00e9mantel\u00e9 plus de 80 r\u00e9seaux de passeurs depuis le d\u00e9but de l\u2019ann\u00e9e.<br \/>\n(avec ami)<\/p>\n","protected":false},"excerpt":{"rendered":"<p>Les participants \u00e0 une table ronde r\u00e9gionale consacr\u00e9e au sauvetage et \u00e0 la prise en charge des migrants en mer ont d\u00e9cid\u00e9 de la mise en place d\u2019un comit\u00e9 de suivi pour une meilleure coordination des efforts des diff\u00e9rents intervenants. Dans son discours d\u2019ouverture, le wali de Nouakchott Ouest, Mrabih Rabou Bounenna Abidine, a rappel\u00e9 &hellip;<\/p>\n","protected":false},"author":2,"featured_media":16886,"comment_status":"open","ping_status":"open","sticky":false,"template":"","format":"standard","meta":{"footnotes":""},"categories":[18],"tags":[],"class_list":["post-16885","post","type-post","status-publish","format-standard","has-post-thumbnail","hentry","category-actualites"],"_links":{"self":[{"href":"https:\/\/ladepeche.mr\/index.php?rest_route=\/wp\/v2\/posts\/16885","targetHints":{"allow":["GET"]}}],"collection":[{"href":"https:\/\/ladepeche.mr\/index.php?rest_route=\/wp\/v2\/posts"}],"about":[{"href":"https:\/\/ladepeche.mr\/index.php?rest_route=\/wp\/v2\/types\/post"}],"author":[{"embeddable":true,"href":"https:\/\/ladepeche.mr\/index.php?rest_route=\/wp\/v2\/users\/2"}],"replies":[{"embeddable":true,"href":"https:\/\/ladepeche.mr\/index.php?rest_route=%2Fwp%2Fv2%2Fcomments&post=16885"}],"version-history":[{"count":1,"href":"https:\/\/ladepeche.mr\/index.php?rest_route=\/wp\/v2\/posts\/16885\/revisions"}],"predecessor-version":[{"id":16887,"href":"https:\/\/ladepeche.mr\/index.php?rest_route=\/wp\/v2\/posts\/16885\/revisions\/16887"}],"wp:featuredmedia":[{"embeddable":true,"href":"https:\/\/ladepeche.mr\/index.php?rest_route=\/wp\/v2\/media\/16886"}],"wp:attachment":[{"href":"https:\/\/ladepeche.mr\/index.php?rest_route=%2Fwp%2Fv2%2Fmedia&parent=16885"}],"wp:term":[{"taxonomy":"category","embeddable":true,"href":"https:\/\/ladepeche.mr\/index.php?rest_route=%2Fwp%2Fv2%2Fcategories&post=16885"},{"taxonomy":"post_tag","embeddable":true,"href":"https:\/\/ladepeche.mr\/index.php?rest_route=%2Fwp%2Fv2%2Ftags&post=16885"}],"curies":[{"name":"wp","href":"https:\/\/api.w.org\/{rel}","templated":true}]}}