{"id":1689,"date":"2022-09-01T14:29:02","date_gmt":"2022-09-01T14:29:02","guid":{"rendered":"https:\/\/ladepeche.mr\/?p=1689"},"modified":"2022-09-01T14:29:02","modified_gmt":"2022-09-01T14:29:02","slug":"campagne-contre-les-moustiques-la-riposte-peu-visible-dans-les-quartiers-exposes","status":"publish","type":"post","link":"https:\/\/ladepeche.mr\/?p=1689","title":{"rendered":"Campagne contre les moustiques: La riposte peu visible dans les quartiers expos\u00e9s"},"content":{"rendered":"<p>L\u2019une des graves cons\u00e9quences des inondations et de l\u2019incapacit\u00e9 des services d\u2019assainissement de juguler les \u00e9tendues d\u2019eau stagnantes dans plusieurs quartiers de la m\u00e9gapole nouakchottoise est la prolif\u00e9ration des moustiques. Pour lutter contre ces insectes porteurs de maladies graves comme le paludisme ou encore la dengue une campagne de dix jours a \u00e9t\u00e9 lanc\u00e9e par le minist\u00e8re de l&#8217;Agriculture en vue de st\u00e9rilisation des mares et autres flaques d\u2019eau qui jonchent les art\u00e8res dans plusieurs quartiers. La riposte est organis\u00e9e en deux groupes dont l\u2019un compos\u00e9 de 10 \u00e9quipes dot\u00e9es de pulv\u00e9risateurs portables \u00e0 bord de v\u00e9hicules, parcourt \u00a0tous les d\u00e9dales dans les quartiers inond\u00e9s pendant que l\u2019autre groupe form\u00e9 des \u00e9quipes \u00e0 pied s\u2019attaque en pulv\u00e9risant les zones difficiles d&#8217;acc\u00e8s et autres recoins.<\/p>\n<p>Le coup d\u2019envoi de cette campagne a \u00e9t\u00e9 donn\u00e9 par le secr\u00e9taire g\u00e9n\u00e9ral du minist\u00e8re de l&#8217;Agriculture, Ahmed Salem Ould El Arbi. Il a plac\u00e9 ladite campagne dans le cadre \u00ab\u00a0des efforts de traitement des eaux pluviales\u00bb par les autorit\u00e9s publiques et a invit\u00e9 les responsables sur le terrain de coordonner leurs actions pour venir \u00e0 bout des moustiques.<\/p>\n<p>Il faut cependant constater que malgr\u00e9 cette inauguration de la campagne, les \u00e9quipes sont peu visibles et certains quartiers envahis par l\u2019eau comme la Socogim Plage restent les plus expos\u00e9s.<\/p>\n","protected":false},"excerpt":{"rendered":"<p>L\u2019une des graves cons\u00e9quences des inondations et de l\u2019incapacit\u00e9 des services d\u2019assainissement de juguler les \u00e9tendues d\u2019eau stagnantes dans plusieurs quartiers de la m\u00e9gapole nouakchottoise est la prolif\u00e9ration des moustiques. Pour lutter contre ces insectes porteurs de maladies graves comme le paludisme ou encore la dengue une campagne de dix jours a \u00e9t\u00e9 lanc\u00e9e par &hellip;<\/p>\n","protected":false},"author":2,"featured_media":1690,"comment_status":"open","ping_status":"open","sticky":false,"template":"","format":"standard","meta":{"footnotes":""},"categories":[18,27],"tags":[],"class_list":["post-1689","post","type-post","status-publish","format-standard","has-post-thumbnail","hentry","category-actualites","category-sante"],"_links":{"self":[{"href":"https:\/\/ladepeche.mr\/index.php?rest_route=\/wp\/v2\/posts\/1689","targetHints":{"allow":["GET"]}}],"collection":[{"href":"https:\/\/ladepeche.mr\/index.php?rest_route=\/wp\/v2\/posts"}],"about":[{"href":"https:\/\/ladepeche.mr\/index.php?rest_route=\/wp\/v2\/types\/post"}],"author":[{"embeddable":true,"href":"https:\/\/ladepeche.mr\/index.php?rest_route=\/wp\/v2\/users\/2"}],"replies":[{"embeddable":true,"href":"https:\/\/ladepeche.mr\/index.php?rest_route=%2Fwp%2Fv2%2Fcomments&post=1689"}],"version-history":[{"count":1,"href":"https:\/\/ladepeche.mr\/index.php?rest_route=\/wp\/v2\/posts\/1689\/revisions"}],"predecessor-version":[{"id":1691,"href":"https:\/\/ladepeche.mr\/index.php?rest_route=\/wp\/v2\/posts\/1689\/revisions\/1691"}],"wp:featuredmedia":[{"embeddable":true,"href":"https:\/\/ladepeche.mr\/index.php?rest_route=\/wp\/v2\/media\/1690"}],"wp:attachment":[{"href":"https:\/\/ladepeche.mr\/index.php?rest_route=%2Fwp%2Fv2%2Fmedia&parent=1689"}],"wp:term":[{"taxonomy":"category","embeddable":true,"href":"https:\/\/ladepeche.mr\/index.php?rest_route=%2Fwp%2Fv2%2Fcategories&post=1689"},{"taxonomy":"post_tag","embeddable":true,"href":"https:\/\/ladepeche.mr\/index.php?rest_route=%2Fwp%2Fv2%2Ftags&post=1689"}],"curies":[{"name":"wp","href":"https:\/\/api.w.org\/{rel}","templated":true}]}}