{"id":16890,"date":"2025-07-15T10:30:03","date_gmt":"2025-07-15T10:30:03","guid":{"rendered":"https:\/\/ladepeche.mr\/?p=16890"},"modified":"2025-07-15T09:50:34","modified_gmt":"2025-07-15T09:50:34","slug":"vente-de-parcelles-fictives-a-nouakchott-la-justice-appelee-a-demeler-une-affaire-scabreuse","status":"publish","type":"post","link":"https:\/\/ladepeche.mr\/?p=16890","title":{"rendered":"Vente de parcelles fictives \u00e0 Nouakchott : la Justice appel\u00e9e pour d\u00e9m\u00ealer une affaire scabreuse"},"content":{"rendered":"<p>Une affaire de grande envergure secoue actuellement les milieux fonciers et administratifs mauritaniens. Selon des sources officielles, le minist\u00e8re des Domaines et de la R\u00e9forme fonci\u00e8re a r\u00e9cemment d\u00e9pos\u00e9 une plainte formelle aupr\u00e8s de la justice contre un groupe soup\u00e7onn\u00e9 de mener des activit\u00e9s ill\u00e9gales li\u00e9es \u00e0 la vente du domaine public foncier.<br \/>\nLes accusations sont graves : commercialisation de parcelles fictives, falsification de titres de propri\u00e9t\u00e9, et modification frauduleuse de plans cadastraux. L&#8217;enqu\u00eate a \u00e9t\u00e9 confi\u00e9e \u00e0 une brigade sp\u00e9cialis\u00e9e de la police judiciaire, d\u00e9sormais charg\u00e9e de recueillir les t\u00e9moignages, rassembler les preuves, et auditionner les suspects.<br \/>\nCette op\u00e9ration intervient dans un contexte o\u00f9 les trafics de terrains et la falsification de documents officiels prennent de l\u2019ampleur dans le pays, selon plusieurs analystes du secteur immobilier. Le ph\u00e9nom\u00e8ne est consid\u00e9r\u00e9 comme une menace croissante pour la s\u00e9curit\u00e9 fonci\u00e8re et la r\u00e9gularit\u00e9 des transactions immobili\u00e8res.<br \/>\nLe parquet de la wilaya de Nouakchott Ouest, saisi de l\u2019affaire, a ordonn\u00e9 l\u2019ouverture d\u2019une enqu\u00eate approfondie. Celle-ci a rapidement permis \u00e0 la commission sp\u00e9ciale de la police judiciaire de d\u00e9manteler un r\u00e9seau qualifi\u00e9 de \u00ab criminel \u00bb, compos\u00e9 de quatre individus. Fait notable : le chef pr\u00e9sum\u00e9 du groupe serait un ressortissant \u00e9tranger.<br \/>\nLors des perquisitions, les autorit\u00e9s ont saisi une panoplie de mat\u00e9riel suspect : des cachets officiels, des bagues d&#8217;authentification, des machines \u00e0 num\u00e9roter, ainsi que des documents vierges estampill\u00e9s d\u2019en-t\u00eates de contrats de vente et de permis d\u2019exploitation de terrains.<br \/>\nLes quatre individus interpell\u00e9s sont actuellement plac\u00e9s en garde \u00e0 vue au commissariat central. Ils devraient \u00eatre d\u00e9f\u00e9r\u00e9s devant le parquet \u00e0 l\u2019issue de la proc\u00e9dure pr\u00e9liminaire.<br \/>\nLes autorit\u00e9s, quant \u00e0 elles, affirment vouloir aller jusqu\u2019au bout de cette affaire afin de d\u00e9manteler durablement les r\u00e9seaux op\u00e9rant dans le trafic foncier et restaurer la confiance dans le syst\u00e8me de gestion domaniale du pays.<br \/>\n(avec m\u00e9dias)<\/p>\n","protected":false},"excerpt":{"rendered":"<p>Une affaire de grande envergure secoue actuellement les milieux fonciers et administratifs mauritaniens. Selon des sources officielles, le minist\u00e8re des Domaines et de la R\u00e9forme fonci\u00e8re a r\u00e9cemment d\u00e9pos\u00e9 une plainte formelle aupr\u00e8s de la justice contre un groupe soup\u00e7onn\u00e9 de mener des activit\u00e9s ill\u00e9gales li\u00e9es \u00e0 la vente du domaine public foncier. Les accusations &hellip;<\/p>\n","protected":false},"author":2,"featured_media":16891,"comment_status":"open","ping_status":"open","sticky":false,"template":"","format":"standard","meta":{"footnotes":""},"categories":[18,2],"tags":[],"class_list":["post-16890","post","type-post","status-publish","format-standard","has-post-thumbnail","hentry","category-actualites","category-economie"],"_links":{"self":[{"href":"https:\/\/ladepeche.mr\/index.php?rest_route=\/wp\/v2\/posts\/16890","targetHints":{"allow":["GET"]}}],"collection":[{"href":"https:\/\/ladepeche.mr\/index.php?rest_route=\/wp\/v2\/posts"}],"about":[{"href":"https:\/\/ladepeche.mr\/index.php?rest_route=\/wp\/v2\/types\/post"}],"author":[{"embeddable":true,"href":"https:\/\/ladepeche.mr\/index.php?rest_route=\/wp\/v2\/users\/2"}],"replies":[{"embeddable":true,"href":"https:\/\/ladepeche.mr\/index.php?rest_route=%2Fwp%2Fv2%2Fcomments&post=16890"}],"version-history":[{"count":2,"href":"https:\/\/ladepeche.mr\/index.php?rest_route=\/wp\/v2\/posts\/16890\/revisions"}],"predecessor-version":[{"id":16893,"href":"https:\/\/ladepeche.mr\/index.php?rest_route=\/wp\/v2\/posts\/16890\/revisions\/16893"}],"wp:featuredmedia":[{"embeddable":true,"href":"https:\/\/ladepeche.mr\/index.php?rest_route=\/wp\/v2\/media\/16891"}],"wp:attachment":[{"href":"https:\/\/ladepeche.mr\/index.php?rest_route=%2Fwp%2Fv2%2Fmedia&parent=16890"}],"wp:term":[{"taxonomy":"category","embeddable":true,"href":"https:\/\/ladepeche.mr\/index.php?rest_route=%2Fwp%2Fv2%2Fcategories&post=16890"},{"taxonomy":"post_tag","embeddable":true,"href":"https:\/\/ladepeche.mr\/index.php?rest_route=%2Fwp%2Fv2%2Ftags&post=16890"}],"curies":[{"name":"wp","href":"https:\/\/api.w.org\/{rel}","templated":true}]}}