{"id":16894,"date":"2025-07-15T11:00:55","date_gmt":"2025-07-15T11:00:55","guid":{"rendered":"https:\/\/ladepeche.mr\/?p=16894"},"modified":"2025-07-15T09:55:18","modified_gmt":"2025-07-15T09:55:18","slug":"leurope-tiraillee-entre-les-etats-unis-et-la-chine","status":"publish","type":"post","link":"https:\/\/ladepeche.mr\/?p=16894","title":{"rendered":"L&#8217;Europe tiraill\u00e9e entre les Etats-Unis et la Chine"},"content":{"rendered":"<p>Les diplomates am\u00e9ricains et europ\u00e9ens s&#8217;affairaient pourtant \u00e0 chercher une issue aux n\u00e9gociations commerciales entre les Etats-Unis et l&#8217;Union europ\u00e9enne (UE), avant que le pr\u00e9sident am\u00e9ricain ne prenne tout le monde de court.<\/p>\n<p>Ce lundi (14.07), Bruxelles r\u00e9agit \u00e0 l&#8217;annonce de Donald Trump et menace de r\u00e9pliquer avec des mesures qui pourraient impacter 72 milliards d&#8217;euros de produits am\u00e9ricains.<br \/>\nPlus largement, face \u00e0 cette impr\u00e9visibilit\u00e9 des Etats-Unis, l&#8217;Europe cherche de nouvelles options. L&#8217;autre poids lourd de l&#8217;\u00e9conomie mondiale, c&#8217;est la Chine. L\u00e0 aussi, les relations sont compliqu\u00e9es. L&#8217;UE craint d&#8217;\u00eatre inond\u00e9e par des produits chinois bon march\u00e9, au d\u00e9triment des entreprises europ\u00e9ennes.<\/p>\n<p><strong>&#8220;Si\u00e8cle du Pacifique&#8221;<\/strong><br \/>\nAlors qu&#8217;au 20e si\u00e8cle, les pays occidentaux de la zone Atlantique ont largement influenc\u00e9 les affaires du monde, la mont\u00e9e en puissance continue de la r\u00e9gion Pacifique fait dire aux politologues que le 21e si\u00e8cle sera le &#8220;si\u00e8cle du Pacifique&#8221;.<\/p>\n<p>Si les \u00c9tats-Unis resteront une superpuissance, le pr\u00e9sident chinois Xi Jinping ambitionne de faire de la Chine un &#8220;grand pays socialiste fort, d\u00e9mocratique, civilis\u00e9 et harmonieux&#8221; d&#8217;ici 2049, c&#8217;est-\u00e0-dire d&#8217;ici le 100e anniversaire de la naissance de la R\u00e9publique populaire.<\/p>\n<p>Dans une \u00e9tude r\u00e9alis\u00e9e en d\u00e9but d&#8217;ann\u00e9e, le cabinet de conseil PricewaterhouseCoopers estime que la Chine d\u00e9passera les \u00c9tats-Unis dans les 30 prochaines ann\u00e9es et deviendra la premi\u00e8re puissance \u00e9conomique mondiale.<\/p>\n<p>En attendant, Washington mise sur la loi du plus fort, pour faire plier les pays \u00e9conomiquement plus faibles et obtenir des concessions commerciales.<\/p>\n<p>Mais les Etats-Unis s&#8217;attaquent aussi \u00e0 leurs principaux partenaires historiques. Samedi (12 juillet), Donald Trump a menac\u00e9 d&#8217;imposer le 1er ao\u00fbt des droits de douane de 30 % sur les importations en provenance de l&#8217;Union europ\u00e9enne, et ce, alors que des n\u00e9gociations \u00e9taient en cours. C&#8217;est trois fois le taux en vigueur.<\/p>\n<p><strong>Partenaire ou rival ?<\/strong><br \/>\nA Bruxelles, on commence tout doucement \u00e0 perdre patience. &#8220;L&#8217;incertitude actuelle caus\u00e9e par des droits de douane injustifi\u00e9s ne peut pas durer ind\u00e9finiment&#8221;, a r\u00e9agi le commissaire europ\u00e9en au commerce, Maros Sefcovic.<\/p>\n<p>Les \u00c9tats-Unis pourraient devenir autant un &#8220;partenaire, qu&#8217;un concurrent et un rival&#8221; pour l&#8217;Europe, selon les experts de la Chine, Paula Oliver Llorente et Miguel Otero-Iglesias, du think tank espagnol Elcano Royal Institute.<\/p>\n<p>Une relation qui d\u00e9finit justement celle que l&#8217;Union europ\u00e9enne entretient avec la Chine.<\/p>\n<p>&#8220;L&#8217;incertitude est devenue le facteur d\u00e9terminant du positionnement strat\u00e9gique de l&#8217;UE dans le contexte de la rivalit\u00e9 entre les \u00c9tats-Unis et la Chine&#8221;, \u00e9crivent les deux chercheurs.<\/p>\n<p>Aussi, ils expliquent que Bruxelles et Washington ont deux perceptions tr\u00e8s diff\u00e9rentes de la menace que repr\u00e9sente la Chine. Si les \u00c9tats-Unis affrontent &#8220;un concurrent h\u00e9g\u00e9monique&#8221; et &#8220;une menace existentielle&#8221;, l&#8217;UE &#8220;s&#8217;efforce d&#8217;\u00e9tablir une relation \u00e9quilibr\u00e9e avec un acteur global&#8221;.<\/p>\n<p><strong>&#8220;Un d\u00e9fi historique&#8221; pour l&#8217;Allemagne<\/strong><br \/>\nEn Allemagne, premi\u00e8re \u00e9conomie du continent, on voit la confiance dans les relations internationales s&#8217;\u00e9roder. Wolfgang Niedermark, membre du conseil d&#8217;administration de la F\u00e9d\u00e9ration de l&#8217;industrie allemande (BDI), craint que les droits de douane de Donald Trump ne nuisent \u00e0 &#8220;la reprise \u00e9conomique, \u00e0 la capacit\u00e9 d&#8217;innover&#8221;.<\/p>\n<p>L&#8217;Allemagne, comme la Chine, est un pays orient\u00e9 vers l&#8217;exportation, et d\u00e9pend fortement du libre-\u00e9change.<\/p>\n<p>Dans ce contexte, &#8220;la politique de Donald Trump et le conflit entre les \u00c9tats-Unis et la Chine sont un d\u00e9fi historique pour l&#8217;Allemagne&#8221;, note \u00e9galement Claudia Wessling et Bernhard Bartsch du groupe de r\u00e9flexion sp\u00e9cialis\u00e9 dans la Chine, Merics, bas\u00e9 \u00e0 Berlin.<\/p>\n<p>Il s&#8217;agit donc de trouver un \u00e9quilibre et de r\u00e9duire les risques de d\u00e9pendance.<\/p>\n<p>Tout en cherchant une voie de partenariat avec la Chine, Bruxelles tente ainsi de ne pas froisser les Etats-Unis, moteur \u00e9conomique, mais aussi acteur incontournable de la s\u00e9curit\u00e9 europ\u00e9enne. Depuis l&#8217;invasion russe de l&#8217;Ukraine, l&#8217;importance de la pr\u00e9sence militaire am\u00e9ricaine en Europe est devenue encore plus \u00e9vidente.<\/p>\n<p>Auteur: Yuan Dang, Marco Wolter<br \/>\nhttps:\/\/www.msn.com\/fr-xl\/actualite\/afrique\/l-europe-tiraill%C3%A9e-entre-les-etats-unis-et-la-chine\/ar-AA1IAtVX?ocid=msedgdhp&#038;pc=U531&#038;cvid=febfd63f6b354babb6416221301ab091&#038;ei=25<\/p>\n","protected":false},"excerpt":{"rendered":"<p>Les diplomates am\u00e9ricains et europ\u00e9ens s&#8217;affairaient pourtant \u00e0 chercher une issue aux n\u00e9gociations commerciales entre les Etats-Unis et l&#8217;Union europ\u00e9enne (UE), avant que le pr\u00e9sident am\u00e9ricain ne prenne tout le monde de court. Ce lundi (14.07), Bruxelles r\u00e9agit \u00e0 l&#8217;annonce de Donald Trump et menace de r\u00e9pliquer avec des mesures qui pourraient impacter 72 milliards &hellip;<\/p>\n","protected":false},"author":2,"featured_media":16895,"comment_status":"open","ping_status":"open","sticky":false,"template":"","format":"standard","meta":{"footnotes":""},"categories":[18,29],"tags":[],"class_list":["post-16894","post","type-post","status-publish","format-standard","has-post-thumbnail","hentry","category-actualites","category-monde"],"_links":{"self":[{"href":"https:\/\/ladepeche.mr\/index.php?rest_route=\/wp\/v2\/posts\/16894","targetHints":{"allow":["GET"]}}],"collection":[{"href":"https:\/\/ladepeche.mr\/index.php?rest_route=\/wp\/v2\/posts"}],"about":[{"href":"https:\/\/ladepeche.mr\/index.php?rest_route=\/wp\/v2\/types\/post"}],"author":[{"embeddable":true,"href":"https:\/\/ladepeche.mr\/index.php?rest_route=\/wp\/v2\/users\/2"}],"replies":[{"embeddable":true,"href":"https:\/\/ladepeche.mr\/index.php?rest_route=%2Fwp%2Fv2%2Fcomments&post=16894"}],"version-history":[{"count":1,"href":"https:\/\/ladepeche.mr\/index.php?rest_route=\/wp\/v2\/posts\/16894\/revisions"}],"predecessor-version":[{"id":16896,"href":"https:\/\/ladepeche.mr\/index.php?rest_route=\/wp\/v2\/posts\/16894\/revisions\/16896"}],"wp:featuredmedia":[{"embeddable":true,"href":"https:\/\/ladepeche.mr\/index.php?rest_route=\/wp\/v2\/media\/16895"}],"wp:attachment":[{"href":"https:\/\/ladepeche.mr\/index.php?rest_route=%2Fwp%2Fv2%2Fmedia&parent=16894"}],"wp:term":[{"taxonomy":"category","embeddable":true,"href":"https:\/\/ladepeche.mr\/index.php?rest_route=%2Fwp%2Fv2%2Fcategories&post=16894"},{"taxonomy":"post_tag","embeddable":true,"href":"https:\/\/ladepeche.mr\/index.php?rest_route=%2Fwp%2Fv2%2Ftags&post=16894"}],"curies":[{"name":"wp","href":"https:\/\/api.w.org\/{rel}","templated":true}]}}