{"id":16911,"date":"2025-07-15T14:27:51","date_gmt":"2025-07-15T14:27:51","guid":{"rendered":"https:\/\/ladepeche.mr\/?p=16911"},"modified":"2025-07-15T20:26:10","modified_gmt":"2025-07-15T20:26:10","slug":"violations-des-droits-de-lhomme-par-israel-en-palestine-lunion-europeenne-face-a-son-miroir","status":"publish","type":"post","link":"https:\/\/ladepeche.mr\/?p=16911","title":{"rendered":"Violations des droits de l\u2019Homme par Isra\u00ebl en Palestine: L&#8217;Union europ\u00e9enne face \u00e0 son miroir"},"content":{"rendered":"<p>Alors que de nouveaux rapports internes de l\u2019Union europ\u00e9enne font \u00e9tat de violations graves du droit international humanitaire \u00e0 Gaza, l\u2019attitude de l\u2019UE face \u00e0 Isra\u00ebl suscite de plus en plus d\u2019interrogations. Entre incoh\u00e9rences diplomatiques et inertie politique, la question d\u2019un \u00e9ventuel \u00ab deux poids, deux mesures \u00bb se pose avec acuit\u00e9.<\/p>\n<p>Un nouveau navire de la Flottille de la Libert\u00e9 a quitt\u00e9 l\u2019Italie en direction de Gaza, dans une tentative de briser le blocus impos\u00e9 par Isra\u00ebl sur l\u2019enclave palestinienne. L\u2019\u00e9quipage est pour sa majorit\u00e9 compos\u00e9 de citoyens europ\u00e9ens. Pendant ce temps, les institutions europ\u00e9ennes peinent \u00e0 traduire en actes les conclusions de leurs propres rapports, malgr\u00e9 un nombre de victimes civiles en constante augmentation. Et en d\u00e9pit de la d\u00e9nonciation par les opinions publiques de cette trag\u00e9die humaine.<br \/>\nSelon des donn\u00e9es relay\u00e9es par plusieurs organisations humanitaires, plus de 57 000 personnes ont perdu la vie dans la bande de Gaza depuis le d\u00e9but des op\u00e9rations militaires isra\u00e9liennes. Des chiffres alarmants qui s\u2019aggravent du fait de la faim et de la soif qu\u2019impose l\u2019arm\u00e9e isra\u00e9lienne aux populations, soumises depuis deux maintenant \u00e0 un embargo total. Beaucoup d\u2019accusations de violations massives des droits humains desquelles l&#8217;UE d\u00e9tournent le regard.<br \/>\nPourtant, un rapport d\u2019audit interne \u00e0 l\u2019Ue, r\u00e9cemment pr\u00e9sent\u00e9 par la cheffe de la diplomatie europ\u00e9enne, Kaja Kallas, atteste que ces actes constituent une entorse manifeste aux engagements pris par Isra\u00ebl dans le cadre de son accord d&#8217;association avec l\u2019UE, notamment \u00e0 l\u2019article 2, qui impose le respect des droits de l\u2019homme comme condition essentielle.<br \/>\nMalgr\u00e9 ces \u00e9l\u00e9ments, l\u2019Union europ\u00e9enne semble r\u00e9ticente \u00e0 appliquer les sanctions qu\u2019elle a d\u00e9j\u00e0 impos\u00e9es \u00e0 d\u2019autres pays dans des contextes moins graves. Des \u00c9tats comme le Zimbabwe, la Guin\u00e9e, le Mali ou encore la Libye ont vu leurs accords suspendus pour des atteintes aux principes d\u00e9mocratiques. La diff\u00e9rence de traitement soul\u00e8ve des accusations de duplicit\u00e9 ou de complexes rappel\u00e9s \u00e0 l\u2019UE dans la premi\u00e8re Shoah et celle sur laquelle bute le monde aujourd\u2019hui \u00e0 Gaza.<br \/>\nCertains gouvernements europ\u00e9ens, notamment ceux de la R\u00e9publique tch\u00e8que, de l\u2019Allemagne et de la Hongrie, continuent d\u2019afficher leur soutien actif \u00e0 Isra\u00ebl, pesant ainsi sur la capacit\u00e9 de l\u2019UE \u00e0 adopter une position unifi\u00e9e. Certains parmi eux, comme l\u2019Allemagne, apportent, sans g\u00eane, et directement leur contribution militaire, financi\u00e8re et diplomatique au massacre des enfants palestiniens.<br \/>\nMercredi prochain, cinq options de r\u00e9ponse seront soumises aux ministres des Affaires \u00e9trang\u00e8res : suspension totale ou partielle de l\u2019accord d\u2019association, sanctions cibl\u00e9es contre des responsables isra\u00e9liens, mesures commerciales, embargo sur les armes, ou encore suspension de la coop\u00e9ration scientifique.<br \/>\nAlors que les appels de d\u00e9nonciation du g\u00e9nocide se multiplient au sein des opinions publiques europ\u00e9ennes, l\u2019UE se retrouve \u00e0 un carrefour diplomatique : maintenir sa cr\u00e9dibilit\u00e9 en mati\u00e8re de d\u00e9fense des droits de l\u2019homme ou risquer de compromettre son image par une inaction per\u00e7ue comme complice avec Isra\u00e9l.<\/p>\n","protected":false},"excerpt":{"rendered":"<p>Alors que de nouveaux rapports internes de l\u2019Union europ\u00e9enne font \u00e9tat de violations graves du droit international humanitaire \u00e0 Gaza, l\u2019attitude de l\u2019UE face \u00e0 Isra\u00ebl suscite de plus en plus d\u2019interrogations. Entre incoh\u00e9rences diplomatiques et inertie politique, la question d\u2019un \u00e9ventuel \u00ab deux poids, deux mesures \u00bb se pose avec acuit\u00e9. Un nouveau navire &hellip;<\/p>\n","protected":false},"author":2,"featured_media":15570,"comment_status":"open","ping_status":"open","sticky":false,"template":"","format":"standard","meta":{"footnotes":""},"categories":[18,29],"tags":[],"class_list":["post-16911","post","type-post","status-publish","format-standard","has-post-thumbnail","hentry","category-actualites","category-monde"],"_links":{"self":[{"href":"https:\/\/ladepeche.mr\/index.php?rest_route=\/wp\/v2\/posts\/16911","targetHints":{"allow":["GET"]}}],"collection":[{"href":"https:\/\/ladepeche.mr\/index.php?rest_route=\/wp\/v2\/posts"}],"about":[{"href":"https:\/\/ladepeche.mr\/index.php?rest_route=\/wp\/v2\/types\/post"}],"author":[{"embeddable":true,"href":"https:\/\/ladepeche.mr\/index.php?rest_route=\/wp\/v2\/users\/2"}],"replies":[{"embeddable":true,"href":"https:\/\/ladepeche.mr\/index.php?rest_route=%2Fwp%2Fv2%2Fcomments&post=16911"}],"version-history":[{"count":3,"href":"https:\/\/ladepeche.mr\/index.php?rest_route=\/wp\/v2\/posts\/16911\/revisions"}],"predecessor-version":[{"id":16916,"href":"https:\/\/ladepeche.mr\/index.php?rest_route=\/wp\/v2\/posts\/16911\/revisions\/16916"}],"wp:featuredmedia":[{"embeddable":true,"href":"https:\/\/ladepeche.mr\/index.php?rest_route=\/wp\/v2\/media\/15570"}],"wp:attachment":[{"href":"https:\/\/ladepeche.mr\/index.php?rest_route=%2Fwp%2Fv2%2Fmedia&parent=16911"}],"wp:term":[{"taxonomy":"category","embeddable":true,"href":"https:\/\/ladepeche.mr\/index.php?rest_route=%2Fwp%2Fv2%2Fcategories&post=16911"},{"taxonomy":"post_tag","embeddable":true,"href":"https:\/\/ladepeche.mr\/index.php?rest_route=%2Fwp%2Fv2%2Ftags&post=16911"}],"curies":[{"name":"wp","href":"https:\/\/api.w.org\/{rel}","templated":true}]}}