{"id":16917,"date":"2025-07-16T00:39:37","date_gmt":"2025-07-16T00:39:37","guid":{"rendered":"https:\/\/ladepeche.mr\/?p=16917"},"modified":"2025-07-16T00:39:37","modified_gmt":"2025-07-16T00:39:37","slug":"le-ministre-de-leconomie-et-des-finances-presente-a-la-presse-trois-projets-de-loi-soumis-ce-mardi-au-conseil-des-ministres","status":"publish","type":"post","link":"https:\/\/ladepeche.mr\/?p=16917","title":{"rendered":"Le ministre de l&#8217;\u00c9conomie et des Finances pr\u00e9sente \u00e0 la presse trois projets de loi soumis ce mardi au Conseil des ministres"},"content":{"rendered":"<p>Au cours du point de presse hebdomadaire consacr\u00e9 au commentaire des travaux du Conseil des ministres, Son Excellence le ministre de l\u2019\u00c9conomie et des Finances, M. Sid&#8217; Ahmed Ould Bouh, a fait le point sur trois projets de loi relatifs \u00e0 des accords de financement majeurs.<\/p>\n<p>Le premier ensemble de textes concerne le d\u00e9veloppement de la formation professionnelle et le renforcement de la r\u00e9silience des populations rurales. Il s&#8217;agit de deux accords distincts sign\u00e9s avec la Banque islamique de d\u00e9veloppement (BID), mais portant sur un projet int\u00e9gr\u00e9 visant \u00e0 am\u00e9liorer la formation professionnelle et l\u2019employabilit\u00e9 des jeunes.<\/p>\n<p>Le premier accord, sign\u00e9 le 21 mai dernier, porte sur un montant de 26,21 millions d\u2019euros, soit environ 1,128 milliard d\u2019ouguiyas nouvelles. Il pr\u00e9voit la construction \u00e0 Dar Na\u00efm d\u2019un p\u00f4le technologique polyvalent pouvant accueillir jusqu\u2019\u00e0 1 360 stagiaires. Ce financement, remboursable sur 20 ans avec un diff\u00e9r\u00e9 de quatre ans, b\u00e9n\u00e9ficie d\u2019une marge b\u00e9n\u00e9ficiaire annuelle de seulement 1,9 %.<\/p>\n<p>L\u2019accord comprend \u00e9galement la r\u00e9habilitation du Centre de formation professionnelle aux m\u00e9tiers du b\u00e2timent, des travaux publics et de l\u2019artisanat urbain.<br \/>\nSource MEF<\/p>\n","protected":false},"excerpt":{"rendered":"<p>Au cours du point de presse hebdomadaire consacr\u00e9 au commentaire des travaux du Conseil des ministres, Son Excellence le ministre de l\u2019\u00c9conomie et des Finances, M. Sid&#8217; Ahmed Ould Bouh, a fait le point sur trois projets de loi relatifs \u00e0 des accords de financement majeurs. Le premier ensemble de textes concerne le d\u00e9veloppement de &hellip;<\/p>\n","protected":false},"author":2,"featured_media":10899,"comment_status":"open","ping_status":"open","sticky":false,"template":"","format":"standard","meta":{"footnotes":""},"categories":[18,2],"tags":[],"class_list":["post-16917","post","type-post","status-publish","format-standard","has-post-thumbnail","hentry","category-actualites","category-economie"],"_links":{"self":[{"href":"https:\/\/ladepeche.mr\/index.php?rest_route=\/wp\/v2\/posts\/16917","targetHints":{"allow":["GET"]}}],"collection":[{"href":"https:\/\/ladepeche.mr\/index.php?rest_route=\/wp\/v2\/posts"}],"about":[{"href":"https:\/\/ladepeche.mr\/index.php?rest_route=\/wp\/v2\/types\/post"}],"author":[{"embeddable":true,"href":"https:\/\/ladepeche.mr\/index.php?rest_route=\/wp\/v2\/users\/2"}],"replies":[{"embeddable":true,"href":"https:\/\/ladepeche.mr\/index.php?rest_route=%2Fwp%2Fv2%2Fcomments&post=16917"}],"version-history":[{"count":1,"href":"https:\/\/ladepeche.mr\/index.php?rest_route=\/wp\/v2\/posts\/16917\/revisions"}],"predecessor-version":[{"id":16918,"href":"https:\/\/ladepeche.mr\/index.php?rest_route=\/wp\/v2\/posts\/16917\/revisions\/16918"}],"wp:featuredmedia":[{"embeddable":true,"href":"https:\/\/ladepeche.mr\/index.php?rest_route=\/wp\/v2\/media\/10899"}],"wp:attachment":[{"href":"https:\/\/ladepeche.mr\/index.php?rest_route=%2Fwp%2Fv2%2Fmedia&parent=16917"}],"wp:term":[{"taxonomy":"category","embeddable":true,"href":"https:\/\/ladepeche.mr\/index.php?rest_route=%2Fwp%2Fv2%2Fcategories&post=16917"},{"taxonomy":"post_tag","embeddable":true,"href":"https:\/\/ladepeche.mr\/index.php?rest_route=%2Fwp%2Fv2%2Ftags&post=16917"}],"curies":[{"name":"wp","href":"https:\/\/api.w.org\/{rel}","templated":true}]}}