{"id":16922,"date":"2025-07-16T19:14:19","date_gmt":"2025-07-16T19:14:19","guid":{"rendered":"https:\/\/ladepeche.mr\/?p=16922"},"modified":"2025-07-16T19:14:19","modified_gmt":"2025-07-16T19:14:19","slug":"francesca-albanese-accuse-lue-de-soutien-conscient-au-genocide-israelien-contre-les-palestiniens","status":"publish","type":"post","link":"https:\/\/ladepeche.mr\/?p=16922","title":{"rendered":"Francesca Albanese accuse l&#8217;UE de &#8220;soutien conscient au g\u00e9nocide isra\u00e9lien contre les Palestiniens&#8221;"},"content":{"rendered":"<p>La Rapporteuse sp\u00e9ciale de l\u2019ONU sur les territoires palestiniens occup\u00e9s, Francesca Albanese, a accus\u00e9 mercredi l\u2019Union europ\u00e9enne de soutenir sciemment ce qu\u2019elle d\u00e9crit comme le \u201cg\u00e9nocide des Palestiniens par Isra\u00ebl\u201d, apr\u00e8s le refus du bloc de suspendre son accord d\u2019association avec l\u2019\u00c9tat h\u00e9breu.<br \/>\n\u201cApr\u00e8s avoir d\u00e9j\u00e0 entach\u00e9 sa r\u00e9putation en concluant un accord d\u2019association avec l\u2019Isra\u00ebl de l\u2019apartheid il y a plusieurs ann\u00e9es, l\u2019UE refuse aujourd\u2019hui de le suspendre\u201d, a-t-elle \u00e9crit sur le r\u00e9seau social X. \u201cC\u2019est une preuve manifeste que l\u2019Union europ\u00e9enne cautionne de mani\u00e8re consciente le g\u00e9nocide en cours. Cela pourrait marquer la fin des valeurs europ\u00e9ennes.\u201d<\/p>\n<p>Francesca Albanese a exhort\u00e9 les \u00c9tats membres de l\u2019Union \u00e0 engager des actions en justice: \u201cJ\u2019esp\u00e8re que vous porterez cette affaire devant la Cour de justice de l\u2019Union europ\u00e9enne (CJUE). Mais d\u2019ici l\u00e0, rappelez-vous que les trait\u00e9s r\u00e9gionaux ne vous exemptent pas de vos obligations au regard du droit international.\u201d<br \/>\nElle a \u00e9galement appel\u00e9 \u00e0 couper les liens avec Isra\u00ebl, en commen\u00e7ant par les \u00e9changes commerciaux, y compris dans le domaine de l\u2019armement: \u201cRompez les liens. Agissez avec int\u00e9grit\u00e9. Notre histoire europ\u00e9enne nous en impose le devoir.\u201d<br \/>\nL\u2019accord d\u2019association entre l\u2019UE et Isra\u00ebl, qui encadre les relations politiques et \u00e9conomiques entre les deux parties, contient une clause contraignante sur le respect des droits humains et des principes d\u00e9mocratiques. En cas de non-respect, il est possible de suspendre l\u2019accord ou d\u2019imposer des sanctions.<\/p>\n<p>R\u00e9unis lundi et mardi, les ministres des Affaires \u00e9trang\u00e8res de l\u2019UE ont discut\u00e9 de la situation alarmante \u00e0 Gaza, marqu\u00e9e par un nombre croissant de victimes civiles et des appels internationaux \u00e0 la reddition de comptes. Aucun consensus n\u2019ayant \u00e9t\u00e9 trouv\u00e9, aucune d\u00e9cision formelle n\u2019a \u00e9t\u00e9 prise quant \u00e0 une suspension de l\u2019accord ou \u00e0 d\u2019\u00e9ventuelles sanctions contre Isra\u00ebl.<\/p>\n<p>Depuis le lancement de son offensive contre Gaza fin octobre 2023, Isra\u00ebl continue ses op\u00e9rations militaires malgr\u00e9 les appels \u00e0 un cessez-le-feu. Plus de 58 000 Palestiniens, en majorit\u00e9 des femmes et des enfants, auraient \u00e9t\u00e9 tu\u00e9s selon les autorit\u00e9s locales. Les bombardements incessants ont ravag\u00e9 l\u2019enclave, provoquant une crise humanitaire majeure, des p\u00e9nuries alimentaires et la propagation de maladies.<\/p>\n<p>En novembre dernier, la Cour p\u00e9nale internationale (CPI) a \u00e9mis des mandats d\u2019arr\u00eat contre le Premier ministre isra\u00e9lien Benjamin Netanyahu et l\u2019ex-ministre de la D\u00e9fense Yoav Gallant pour crimes de guerre et crimes contre l\u2019humanit\u00e9. Parall\u00e8lement, Isra\u00ebl fait l\u2019objet d\u2019une proc\u00e9dure devant la Cour internationale de Justice (CIJ), accus\u00e9 de g\u00e9nocide dans sa guerre contre Gaza.<br \/>\nwww.yenisafak.com <\/p>\n","protected":false},"excerpt":{"rendered":"<p>La Rapporteuse sp\u00e9ciale de l\u2019ONU sur les territoires palestiniens occup\u00e9s, Francesca Albanese, a accus\u00e9 mercredi l\u2019Union europ\u00e9enne de soutenir sciemment ce qu\u2019elle d\u00e9crit comme le \u201cg\u00e9nocide des Palestiniens par Isra\u00ebl\u201d, apr\u00e8s le refus du bloc de suspendre son accord d\u2019association avec l\u2019\u00c9tat h\u00e9breu. \u201cApr\u00e8s avoir d\u00e9j\u00e0 entach\u00e9 sa r\u00e9putation en concluant un accord d\u2019association avec &hellip;<\/p>\n","protected":false},"author":2,"featured_media":16923,"comment_status":"open","ping_status":"open","sticky":false,"template":"","format":"standard","meta":{"footnotes":""},"categories":[18,29],"tags":[],"class_list":["post-16922","post","type-post","status-publish","format-standard","has-post-thumbnail","hentry","category-actualites","category-monde"],"_links":{"self":[{"href":"https:\/\/ladepeche.mr\/index.php?rest_route=\/wp\/v2\/posts\/16922","targetHints":{"allow":["GET"]}}],"collection":[{"href":"https:\/\/ladepeche.mr\/index.php?rest_route=\/wp\/v2\/posts"}],"about":[{"href":"https:\/\/ladepeche.mr\/index.php?rest_route=\/wp\/v2\/types\/post"}],"author":[{"embeddable":true,"href":"https:\/\/ladepeche.mr\/index.php?rest_route=\/wp\/v2\/users\/2"}],"replies":[{"embeddable":true,"href":"https:\/\/ladepeche.mr\/index.php?rest_route=%2Fwp%2Fv2%2Fcomments&post=16922"}],"version-history":[{"count":1,"href":"https:\/\/ladepeche.mr\/index.php?rest_route=\/wp\/v2\/posts\/16922\/revisions"}],"predecessor-version":[{"id":16924,"href":"https:\/\/ladepeche.mr\/index.php?rest_route=\/wp\/v2\/posts\/16922\/revisions\/16924"}],"wp:featuredmedia":[{"embeddable":true,"href":"https:\/\/ladepeche.mr\/index.php?rest_route=\/wp\/v2\/media\/16923"}],"wp:attachment":[{"href":"https:\/\/ladepeche.mr\/index.php?rest_route=%2Fwp%2Fv2%2Fmedia&parent=16922"}],"wp:term":[{"taxonomy":"category","embeddable":true,"href":"https:\/\/ladepeche.mr\/index.php?rest_route=%2Fwp%2Fv2%2Fcategories&post=16922"},{"taxonomy":"post_tag","embeddable":true,"href":"https:\/\/ladepeche.mr\/index.php?rest_route=%2Fwp%2Fv2%2Ftags&post=16922"}],"curies":[{"name":"wp","href":"https:\/\/api.w.org\/{rel}","templated":true}]}}