{"id":16925,"date":"2025-07-16T23:24:08","date_gmt":"2025-07-16T23:24:08","guid":{"rendered":"https:\/\/ladepeche.mr\/?p=16925"},"modified":"2025-07-16T23:34:18","modified_gmt":"2025-07-16T23:34:18","slug":"mauritanie-espagne-la-relation-diplomatique-privilegiee-levier-de-la-cooperation-bilaterale","status":"publish","type":"post","link":"https:\/\/ladepeche.mr\/?p=16925","title":{"rendered":"Mauritanie-Espagne : La relation diplomatique privil\u00e9gi\u00e9e, levier de la coop\u00e9ration bilat\u00e9rale."},"content":{"rendered":"<p>Cl\u00f4ture solennelle de la premi\u00e8re r\u00e9union de haut niveau entre la Mauritanie et l\u2019Espagne, en pr\u00e9sence du Pr\u00e9sident de la R\u00e9publique, Mohamed Ould Cheikh El Ghazouani, et du Pr\u00e9sident du Gouvernement espagnol, Pedro S\u00e1nchez. Une \u00e9tape dans les relations bilat\u00e9rales qualifi\u00e9e \u00ab d\u2019historique \u00bb et marqu\u00e9e par la tenue du Forum d\u2019affaires mauritano-espagnol ainsi que le lancement de la plateforme \u00ab Kantara \u00bb.<\/p>\n<p>Le Palais des Congr\u00e8s Mokhtar Ould Daddah a abrit\u00e9, mercredi, le premier Forum des affaires mauritano-espagnol, organis\u00e9 en marge de la r\u00e9union de haut niveau entre la Mauritanie et l\u2019Espagne, sous la pr\u00e9sidence conjointe du pr\u00e9sident Mohamed Ould Cheikh El Ghazouani et du chef du gouvernement espagnol, Pedro S\u00e1nchez. Une rencontre qui a jet\u00e9 les ponts entre 80 entreprises espagnoles et 200 autres mauritaniennes. La volont\u00e9 politique des deux gouvernements est, en tout cas, affich\u00e9e. L\u2019entente parfaite entre les dirigeants des deux pays favorise encore cet \u00e9tat d\u2019esprit.<\/p>\n<p><strong>200 millions d\u2019euros pour stimuler l\u2019investissement<\/strong><br \/>\nL\u2019un des temps forts du forum a \u00e9t\u00e9 l\u2019annonce par Pedro S\u00e1nchez d\u2019un soutien financier de 200 millions d\u2019euros destin\u00e9 \u00e0 encourager les investissements espagnols en Mauritanie. Ce geste prodigieux couvrira notamment des pr\u00eats pour des projets verts, des \u00e9tudes de faisabilit\u00e9, ainsi que des garanties pour faciliter l\u2019ex\u00e9cution de projets strat\u00e9giques, notamment dans le secteur de la transition \u00e9nerg\u00e9tique.<br \/>\nLe chef du gouvernement espagnol a \u00e9galement r\u00e9v\u00e9l\u00e9 qu\u2019un repr\u00e9sentant \u00e9conomique et commercial espagnol sera nomm\u00e9 \u00e0 Nouakchott \u00e0 compter du 1er septembre, pour renforcer l\u2019appui aux entreprises espagnoles sur le terrain. Des entreprises qui peuvent d\u00e9j\u00e0 compter sur la nouvelle plateforme \u00ab Kantara \u00bb pour faciliter l\u2019association avec les entreprises mauritaniennes. La plateforme num\u00e9rique \u201cKantara\u201d a \u00e9t\u00e9, en effet, officiellement lanc\u00e9e par le ministre mauritanien de l\u2019\u00c9conomie et des Finances, Sid\u2019Ahmed Ould Bouh. Pr\u00e9sent\u00e9e comme un \u201cpont\u201d entre les acteurs \u00e9conomiques des deux pays, la plateforme vise \u00e0 faciliter les \u00e9changes, pr\u00e9senter les opportunit\u00e9s d\u2019investissement et encourager des partenariats concrets.<\/p>\n<p><strong>Des conditions l\u00e9gales et r\u00e9glementaires favorables<\/strong><br \/>\nLe climat propice \u00e0 l\u2019investissement et les r\u00e9formes pour attirer les investisseurs sont le leitmotiv des responsables mauritaniens pour rass\u00e9r\u00e9ner les \u00e9ventuels investisseurs espagnols du secteur priv\u00e9 dans le d\u00e9veloppement de la coop\u00e9ration bilat\u00e9rale comme l\u2019a soulign\u00e9 le pr\u00e9sident Ghazouani dans son discours. Il a affirm\u00e9 que \u201cla Mauritanie est aujourd\u2019hui un chantier ouvert\u201d offrant des opportunit\u00e9s dans des domaines aussi vari\u00e9s que la p\u00eache, l\u2019agriculture, les mines, les infrastructures ou encore les services.<br \/>\n\u201cLe cadre g\u00e9n\u00e9ral est propice, la volont\u00e9 politique est pr\u00e9sente, et les opportunit\u00e9s sont nombreuses. Je vous encourage \u00e0 acc\u00e9l\u00e9rer la mise en \u0153uvre de projets communs\u201d, a-t-il d\u00e9clar\u00e9.<br \/>\nLe ministre de l\u2019\u00c9conomie et des Finances a quant \u00e0 lui mis en avant les r\u00e9formes structurelles en cours, telles que la cr\u00e9ation d\u2019une Agence nationale de promotion des investissements, la modernisation du Code des investissements, ainsi que l\u2019adoption d\u2019une nouvelle loi sur le partenariat public-priv\u00e9, destin\u00e9es \u00e0 renforcer l\u2019attractivit\u00e9 du climat des affaires en Mauritanie.<\/p>\n<p><strong>Le Conseil d\u2019affaires mauritano-espagnol comme locomotive<\/strong><br \/>\nPour atteindre ces objectifs assign\u00e9s par les gouvernements des deux pays, le Conseil d\u2019affaires semble \u00eatre pr\u00e9destin\u00e9 \u00e0 tirer l\u2019attelage. C\u2019est l\u2019esprit a pr\u00e9sid\u00e9 \u00e0 sa mise en place 2023, souligne dans une intervention son pr\u00e9sident, le mauritanien, Mohamed Ould El Waled. Ould Waled a r\u00e9v\u00e9l\u00e9 dans ce cadre que le conseil d\u2019affaires a, \u00e0 ce jour, organis\u00e9 et men\u00e9 au moins quatre missions d\u2019\u00e9changes entre les acteurs priv\u00e9. Ces \u00e9changes constituent pour lui le socle pour des liens durables entre les secteurs priv\u00e9s des deux pays et dont la plateforme Kantara devient ainsi l\u2019outil op\u00e9rationnel phare.<br \/>\nA noter que des sessions sectorielles, couvrant les secteurs cl\u00e9s de l\u2019agriculture, de l\u2019\u00e9nergie, de la p\u00eache, des min\u00e9raux, de l\u2019eau, du tourisme et de la logistique, \u00e9taient pr\u00e9vues m\u00eame si les panels n\u2019ont pas toujours tenu promesse, probablement faute de temps imparti. A noter \u00e9galement que jusqu\u2019\u00e0 ce jour le volume des \u00e9changes \u00e9conomiques entre les deux pays n\u2019est pas connu avec exactitude et gagnerait donc \u00e0 \u00eatre mis en relief. Selon les statistiques r\u00e9centes de 2024, malgr\u00e9 tout, l\u2019Espagne reste le partenaire commercial europ\u00e9en absorbant 43% des \u00e9changes avec l\u2019Europe et repr\u00e9senterait 7,8% des importations totales de la Mauritanie en 2022<br \/>\nGageons que ce premier forum de haut niveau devrait insuffler une nouvelle dynamique de coop\u00e9ration strat\u00e9gique durable et diversifi\u00e9e.<\/p>\n","protected":false},"excerpt":{"rendered":"<p>Cl\u00f4ture solennelle de la premi\u00e8re r\u00e9union de haut niveau entre la Mauritanie et l\u2019Espagne, en pr\u00e9sence du Pr\u00e9sident de la R\u00e9publique, Mohamed Ould Cheikh El Ghazouani, et du Pr\u00e9sident du Gouvernement espagnol, Pedro S\u00e1nchez. Une \u00e9tape dans les relations bilat\u00e9rales qualifi\u00e9e \u00ab d\u2019historique \u00bb et marqu\u00e9e par la tenue du Forum d\u2019affaires mauritano-espagnol ainsi que &hellip;<\/p>\n","protected":false},"author":2,"featured_media":16926,"comment_status":"open","ping_status":"open","sticky":false,"template":"","format":"standard","meta":{"footnotes":""},"categories":[18,2,29],"tags":[],"class_list":["post-16925","post","type-post","status-publish","format-standard","has-post-thumbnail","hentry","category-actualites","category-economie","category-monde"],"_links":{"self":[{"href":"https:\/\/ladepeche.mr\/index.php?rest_route=\/wp\/v2\/posts\/16925","targetHints":{"allow":["GET"]}}],"collection":[{"href":"https:\/\/ladepeche.mr\/index.php?rest_route=\/wp\/v2\/posts"}],"about":[{"href":"https:\/\/ladepeche.mr\/index.php?rest_route=\/wp\/v2\/types\/post"}],"author":[{"embeddable":true,"href":"https:\/\/ladepeche.mr\/index.php?rest_route=\/wp\/v2\/users\/2"}],"replies":[{"embeddable":true,"href":"https:\/\/ladepeche.mr\/index.php?rest_route=%2Fwp%2Fv2%2Fcomments&post=16925"}],"version-history":[{"count":2,"href":"https:\/\/ladepeche.mr\/index.php?rest_route=\/wp\/v2\/posts\/16925\/revisions"}],"predecessor-version":[{"id":16928,"href":"https:\/\/ladepeche.mr\/index.php?rest_route=\/wp\/v2\/posts\/16925\/revisions\/16928"}],"wp:featuredmedia":[{"embeddable":true,"href":"https:\/\/ladepeche.mr\/index.php?rest_route=\/wp\/v2\/media\/16926"}],"wp:attachment":[{"href":"https:\/\/ladepeche.mr\/index.php?rest_route=%2Fwp%2Fv2%2Fmedia&parent=16925"}],"wp:term":[{"taxonomy":"category","embeddable":true,"href":"https:\/\/ladepeche.mr\/index.php?rest_route=%2Fwp%2Fv2%2Fcategories&post=16925"},{"taxonomy":"post_tag","embeddable":true,"href":"https:\/\/ladepeche.mr\/index.php?rest_route=%2Fwp%2Fv2%2Ftags&post=16925"}],"curies":[{"name":"wp","href":"https:\/\/api.w.org\/{rel}","templated":true}]}}