{"id":16929,"date":"2025-07-17T12:39:56","date_gmt":"2025-07-17T12:39:56","guid":{"rendered":"https:\/\/ladepeche.mr\/?p=16929"},"modified":"2025-07-17T12:39:56","modified_gmt":"2025-07-17T12:39:56","slug":"forum-daffaires-mauritano-espagnol-vers-un-partenariat-strategique-aux-perspectives-prometteuses","status":"publish","type":"post","link":"https:\/\/ladepeche.mr\/?p=16929","title":{"rendered":"Forum d&#8217;affaires mauritano-espagnol :  Vers un partenariat strat\u00e9gique aux perspectives prometteuses"},"content":{"rendered":"<p>Nouakchott a abrit\u00e9 ce mercredi un \u00e9v\u00e9nement \u00e9conomique marquant avec l&#8217;ouverture du Forum d&#8217;affaires mauritano-espagnol au Palais des Congr\u00e8s Moktar Ould Daddah, dans le cadre de la premi\u00e8re r\u00e9union de haut niveau entre la Mauritanie et l&#8217;Espagne, copr\u00e9sid\u00e9e par Son Excellence le Pr\u00e9sident de la R\u00e9publique, Monsieur Mohamed Ould Cheikh El Ghazouani, et le Chef du gouvernement espagnol, M. Pedro S\u00e1nchez.<br \/>\nC\u2019est le ministre de l\u2019\u00c9conomie et des Finances, M. Sid\u2019 Ahmed Ould Bouh, qui a supervis\u00e9  l\u2019ouverture  du forum, en pr\u00e9sence d\u2019un parterre de hauts responsables des deux pays\u202f: les ministres mauritaniens de l\u2019Agriculture et du Commerce, le pr\u00e9sident de la Chambre de commerce, le pr\u00e9sident de l\u2019Union nationale du patronat, le pr\u00e9sident du Conseil d\u2019affaires mauritano-espagnol, ainsi que la directrice g\u00e9n\u00e9rale du commerce ext\u00e9rieur et de l\u2019investissement en Espagne, Mme Alicia Varela, et le directeur international de la Chambre de commerce espagnole.<\/p>\n<p>Le forum constitue un jalon strat\u00e9gique dans le renforcement des liens \u00e9conomiques entre la Mauritanie et l\u2019Espagne. Il vise \u00e0 encourager les investissements et \u00e0 \u00e9tablir des partenariats solides entre les secteurs priv\u00e9s des deux pays, en s\u2019appuyant sur les ressources consid\u00e9rables dont dispose la Mauritanie dans plusieurs secteurs cl\u00e9s.<\/p>\n<p><strong>Une vision ambitieuse pour un partenariat \u00e9conomique renouvel\u00e9<\/strong><\/p>\n<p>Dans son allocution, le ministre de l\u2019\u00c9conomie et des Finances a soulign\u00e9 l\u2019opportunit\u00e9 que repr\u00e9sente ce forum pour relancer le dialogue \u00e9conomique bilat\u00e9ral. Il a insist\u00e9 sur le r\u00f4le moteur que peuvent jouer les acteurs \u00e9conomiques priv\u00e9s  dans les deux pays pour \u00e9largir les horizons de la coop\u00e9ration.<\/p>\n<p>Sous l\u2019impulsion du Pr\u00e9sident Mohamed Ould Cheikh El Ghazouani, a-t-il rappel\u00e9, la Mauritanie d\u00e9ploie un ensemble de r\u00e9formes ambitieuses pour instaurer un environnement propice \u00e0 l\u2019investissement\u202f: cr\u00e9ation d\u2019une agence nationale de promotion des investissements, modernisation du Code des investissements, et adoption d\u2019une nouvelle l\u00e9gislation sur les partenariats public-priv\u00e9.<\/p>\n<p>\u00ab\u202fNous sommes aujourd\u2019hui face \u00e0 une r\u00e9elle opportunit\u00e9 de d\u00e9velopper des projets conjoints et de b\u00e2tir des ponts de coop\u00e9ration dans des secteurs d\u2019avenir\u202f\u00bb, a d\u00e9clar\u00e9 le ministre, saluant la volont\u00e9 manifeste de la partie espagnole de renforcer ses liens \u00e9conomiques avec la Mauritanie.<\/p>\n<p><strong>Trois axes strat\u00e9giques au c\u0153ur du forum<\/strong><\/p>\n<p>Les \u00e9changes se sont articul\u00e9s autour de trois axes majeurs, en lien avec les priorit\u00e9s \u00e9conomiques mauritaniennes et les opportunit\u00e9s ouvertes aux entreprises espagnoles :<\/p>\n<p>1. Industries de transformation et ressources naturelles<\/p>\n<p>Ce volet a port\u00e9 sur les fili\u00e8res agricoles, l\u2019\u00e9levage, la p\u00eache et l\u2019exploitation mini\u00e8re. Si la Mauritanie dispose d\u2019un potentiel important dans ces secteurs, elle reste confront\u00e9e au d\u00e9fi de la transformation industrielle pour cr\u00e9er de la valeur ajout\u00e9e et g\u00e9n\u00e9rer de l\u2019emploi. La Soci\u00e9t\u00e9 nationale industrielle et mini\u00e8re (SNIM) s\u2019impose ici comme un acteur central, notamment dans l\u2019extraction et l\u2019exportation du minerai de fer.<\/p>\n<p>Gr\u00e2ce \u00e0 sa fa\u00e7ade atlantique, la Mauritanie b\u00e9n\u00e9ficie d\u2019une position g\u00e9ostrat\u00e9gique entre le Maghreb et l\u2019Afrique subsaharienne, ce qui renforce son attractivit\u00e9 pour les industries agroalimentaires et les exportations agricoles et animales.<\/p>\n<p>2. \u00c9nergies, ressources hydriques et environnement<\/p>\n<p>La Mauritanie dispose de ressources prometteuses en gaz naturel et en \u00e9nergies renouvelables (solaire, \u00e9olienne, hydrog\u00e8ne vert). Elle ambitionne d\u2019attirer les investissements dans les infrastructures durables et la transition \u00e9nerg\u00e9tique, des domaines dans lesquels les entreprises espagnoles sont bien positionn\u00e9es.<\/p>\n<p>Plusieurs projets sont d\u00e9j\u00e0 \u00e0 l\u2019\u00e9tude dans l\u2019hydrog\u00e8ne vert et l\u2019\u00e9nergie solaire, positionnant le pays comme une future plateforme \u00e9nerg\u00e9tique verte sur le continent.<\/p>\n<p>3. Logistique et tourisme<\/p>\n<p>La Mauritanie aspire \u00e0 devenir un hub r\u00e9gional reliant le Maghreb, l\u2019Afrique de l\u2019Ouest et l\u2019Atlantique. Cet axe concerne le d\u00e9veloppement des ports, a\u00e9roports, zones \u00e9conomiques sp\u00e9ciales, mais aussi la valorisation de l\u2019offre touristique nationale, riche par sa diversit\u00e9 culturelle et g\u00e9ographique.<\/p>\n<p><strong>Lancement de la plateforme digitale \u00ab\u202fKantara\u00bb<\/strong><\/p>\n<p>L\u2019un des temps forts du forum a \u00e9t\u00e9 le lancement officiel de la plateforme digitale Kantara, par le pr\u00e9sident du Conseil d\u2019affaires mauritano-espagnol, M. Mohamed Ould El Waled. Ce nouvel outil vise \u00e0 faciliter les \u00e9changes \u00e9conomiques entre Nouakchott et Madrid via une interface num\u00e9rique moderne.<\/p>\n<p>Kantara permettra de centraliser l\u2019information sur les opportunit\u00e9s d\u2019investissement, les textes juridiques et r\u00e9glementaires, et de fluidifier la mise en relation entre entreprises mauritaniennes et espagnoles.<\/p>\n<p><strong>Pr\u00e9sentations th\u00e9matiques\u202f: mise en lumi\u00e8re des potentialit\u00e9s<\/strong><\/p>\n<p>Le forum a donn\u00e9 lieu \u00e0 plusieurs interventions institutionnelles. Le directeur g\u00e9n\u00e9ral adjoint de l\u2019Agence  de Promotion des Investissements en Mauritanie, M. Habiboullah Mohamed Ahmed, a fait le point sur les r\u00e9formes et incitations en vigueur pour les investisseurs \u00e9trangers.<\/p>\n<p>Des pr\u00e9sentations ont \u00e9galement \u00e9t\u00e9 faites par l\u2019AFRICO (association ib\u00e9ro-africaine des chambres de commerce), l\u2019AFRICAGUA (forum sur l\u2019eau et les \u00e9nergies renouvelables), et la plateforme \u00e9conomique multilat\u00e9rale de Tenerife, illustrant les dynamiques de coop\u00e9ration Espagne\u2013Mauritanie\u2013Afrique.<\/p>\n<p><strong>Sessions sectorielles simultan\u00e9es<strong><\/p>\n<p>Trois sessions sp\u00e9cialis\u00e9es ont \u00e9t\u00e9 organis\u00e9es :<br \/>\nIndustries de transformation : transformation agroalimentaire, p\u00eache, \u00e9levage, mines.<\/p>\n<p>\u00c9nergies et environnement : \u00e9nergies vertes, hydrog\u00e8ne, r\u00e9silience climatique.<\/p>\n<p>Logistique et tourisme : ports, zones franches, infrastructures touristiques.<\/p>\n<p>Les diff\u00e9rentes sessions ont permis d\u2019approfondir les \u00e9changes sur les opportunit\u00e9s concr\u00e8tes, les freins existants, et les modalit\u00e9s de coop\u00e9ration inter-entreprises.<\/p>\n<p><strong>Table ronde : retours d\u2019exp\u00e9rience des entreprises<\/strong><\/p>\n<p>En cl\u00f4ture, une table ronde a r\u00e9uni cinq entreprises mauritaniennes et espagnoles, dont la SNIM, la soci\u00e9t\u00e9 espagnole IDOM, M Seafood (Mauritanie) et KUNGELE. Chacune a partag\u00e9 son exp\u00e9rience sur le march\u00e9 mauritanien, les d\u00e9fis rencontr\u00e9s, et les leviers pour r\u00e9ussir.<\/p>\n<p>La mod\u00e9ration a \u00e9t\u00e9 assur\u00e9e par M. Daniel Jacobo Ur\u00eda, conseiller \u00e9conomique \u00e0 l\u2019ambassade d\u2019Espagne au S\u00e9n\u00e9gal, qui a soulign\u00e9 l\u2019importance de l\u2019apprentissage mutuel pour b\u00e2tir des partenariats durables.<\/p>\n<p><strong>Contexte \u00e9conomique : des relations en plein essor<\/strong><\/p>\n<p>Ce forum s\u2019inscrit dans un climat de rapprochement \u00e9conomique croissant entre la Mauritanie et l\u2019Espagne. Les \u00e9changes commerciaux s\u2019intensifient, et les entreprises espagnoles occupent une place importante dans les grands projets d\u2019infrastructures.<\/p>\n<p>La visite de M. Pedro S\u00e1nchez \u00e0 Nouakchott en f\u00e9vrier 2024 a marqu\u00e9 un tournant, avec l\u2019annonce d\u2019une enveloppe europ\u00e9enne de plus de 500 millions d\u2019euros en appui au d\u00e9veloppement de la Mauritanie.<\/p>\n<p><strong>Une organisation fond\u00e9e sur une coop\u00e9ration institutionnelle \u00e9troite<\/strong><\/p>\n<p>Le forum a \u00e9t\u00e9 organis\u00e9 par le Conseil d\u2019affaires mauritano-espagnol, en partenariat avec la Chambre de commerce, d\u2019industrie et d\u2019agriculture de Mauritanie, l\u2019Union nationale du patronat, l\u2019Agence de promotion des investissements, ainsi que la Chambre de commerce d\u2019Espagne, l\u2019ICEX et la conf\u00e9d\u00e9ration patronale espagnole.<\/p>\n<p>Ce dispositif institutionnel t\u00e9moigne de la volont\u00e9 commune de structurer une coop\u00e9ration p\u00e9renne et efficiente, au service d\u2019une int\u00e9gration \u00e9conomique r\u00e9elle.<\/p>\n<p><strong>Vers un partenariat strat\u00e9gique renouvel\u00e9<\/strong><\/p>\n<p>Ce forum aura pos\u00e9 les jalons d\u2019une nouvelle phase dans les relations \u00e9conomiques mauritano-espagnoles, dans un esprit de partenariat \u00e9quilibr\u00e9, innovant et durable. Avec ses r\u00e9formes r\u00e9centes, son potentiel \u00e9nerg\u00e9tique et minier, et sa position g\u00e9ographique, la Mauritanie offre aux entreprises espagnoles une porte d\u2019entr\u00e9e strat\u00e9gique sur le continent.<\/p>\n<p>La diversification des partenariats \u00e9conomiques et l\u2019ouverture \u00e0 de nouveaux march\u00e9s font partie des priorit\u00e9s de Nouakchott. L\u2019Espagne, avec sa proximit\u00e9 g\u00e9ographique et ses liens historiques avec la r\u00e9gion, constitue un partenaire naturel dans cette dynamique.<\/p>\n<p><strong>Une vision r\u00e9aliste\u202f: entre d\u00e9fis \u00e0 relever et potentiel \u00e0 exploiter<\/strong><\/p>\n<p>Malgr\u00e9 les perspectives favorables, plusieurs d\u00e9fis demeurent : insuffisances des infrastructures, besoins en capital humain, am\u00e9lioration continue du climat des affaires.<\/p>\n<p>Il est imp\u00e9ratif de mettre en place des m\u00e9canismes de financement adapt\u00e9s, de renforcer la coop\u00e9ration technologique, et de consolider la confiance entre les milieux d\u2019affaires mauritaniens et espagnols.<\/p>\n<p>Les enjeux r\u00e9gionaux et mondiaux li\u00e9s \u00e0 la transition \u00e9nerg\u00e9tique offrent, par ailleurs, de nouveaux leviers pour une coop\u00e9ration ambitieuse dans le domaine des \u00e9nergies renouvelables, au b\u00e9n\u00e9fice des deux parties.<br \/>\nSource MEF<\/p>\n","protected":false},"excerpt":{"rendered":"<p>Nouakchott a abrit\u00e9 ce mercredi un \u00e9v\u00e9nement \u00e9conomique marquant avec l&#8217;ouverture du Forum d&#8217;affaires mauritano-espagnol au Palais des Congr\u00e8s Moktar Ould Daddah, dans le cadre de la premi\u00e8re r\u00e9union de haut niveau entre la Mauritanie et l&#8217;Espagne, copr\u00e9sid\u00e9e par Son Excellence le Pr\u00e9sident de la R\u00e9publique, Monsieur Mohamed Ould Cheikh El Ghazouani, et le Chef &hellip;<\/p>\n","protected":false},"author":2,"featured_media":16930,"comment_status":"open","ping_status":"open","sticky":false,"template":"","format":"standard","meta":{"footnotes":""},"categories":[18,2,29],"tags":[],"class_list":["post-16929","post","type-post","status-publish","format-standard","has-post-thumbnail","hentry","category-actualites","category-economie","category-monde"],"_links":{"self":[{"href":"https:\/\/ladepeche.mr\/index.php?rest_route=\/wp\/v2\/posts\/16929","targetHints":{"allow":["GET"]}}],"collection":[{"href":"https:\/\/ladepeche.mr\/index.php?rest_route=\/wp\/v2\/posts"}],"about":[{"href":"https:\/\/ladepeche.mr\/index.php?rest_route=\/wp\/v2\/types\/post"}],"author":[{"embeddable":true,"href":"https:\/\/ladepeche.mr\/index.php?rest_route=\/wp\/v2\/users\/2"}],"replies":[{"embeddable":true,"href":"https:\/\/ladepeche.mr\/index.php?rest_route=%2Fwp%2Fv2%2Fcomments&post=16929"}],"version-history":[{"count":1,"href":"https:\/\/ladepeche.mr\/index.php?rest_route=\/wp\/v2\/posts\/16929\/revisions"}],"predecessor-version":[{"id":16931,"href":"https:\/\/ladepeche.mr\/index.php?rest_route=\/wp\/v2\/posts\/16929\/revisions\/16931"}],"wp:featuredmedia":[{"embeddable":true,"href":"https:\/\/ladepeche.mr\/index.php?rest_route=\/wp\/v2\/media\/16930"}],"wp:attachment":[{"href":"https:\/\/ladepeche.mr\/index.php?rest_route=%2Fwp%2Fv2%2Fmedia&parent=16929"}],"wp:term":[{"taxonomy":"category","embeddable":true,"href":"https:\/\/ladepeche.mr\/index.php?rest_route=%2Fwp%2Fv2%2Fcategories&post=16929"},{"taxonomy":"post_tag","embeddable":true,"href":"https:\/\/ladepeche.mr\/index.php?rest_route=%2Fwp%2Fv2%2Ftags&post=16929"}],"curies":[{"name":"wp","href":"https:\/\/api.w.org\/{rel}","templated":true}]}}