{"id":16932,"date":"2025-07-17T12:53:12","date_gmt":"2025-07-17T12:53:12","guid":{"rendered":"https:\/\/ladepeche.mr\/?p=16932"},"modified":"2025-07-17T12:53:12","modified_gmt":"2025-07-17T12:53:12","slug":"le-navire-handala-de-la-flottille-pour-gaza-levera-lancre-vendredi-ditalie","status":"publish","type":"post","link":"https:\/\/ladepeche.mr\/?p=16932","title":{"rendered":"\u00ab Le navire Handala de la \u2018flottille pour Gaza\u2019 l\u00e8vera l\u2019ancre vendredi d\u2019Italie"},"content":{"rendered":"<p>Le coordinateur du Comit\u00e9 international pour la lev\u00e9e du blocus sur Gaza, RedaYasen, a d\u00e9clar\u00e9 : \u00ab Le navire Handala, qui fait partie de la flottille de la libert\u00e9, est actuellement ancr\u00e9 au large des c\u00f4tes de Gallipoli, en Italie. Il s\u2019agit de la derni\u00e8re \u00e9tape avant son d\u00e9part vers Gaza, et aucune escale n\u2019est pr\u00e9vue jusqu\u2019\u00e0 son arriv\u00e9e au large de la bande de Gaza. Le d\u00e9part du navire est pr\u00e9vu dans deux jours, vendredi prochain. \u00bb Il a ajout\u00e9 : \u00ab Trois \u00e0 cinq militants rejoindront le navire, dont certains sont des politiciens europ\u00e9ens dont les noms n\u2019ont pas encore \u00e9t\u00e9 r\u00e9v\u00e9l\u00e9s. \u00bb<\/p>\n<p>https:\/\/africanmanager.com\/le-navire-handala-de-la-flottille-pour-gaza-levera-lancre-vendredi-ditalie\/<\/p>\n","protected":false},"excerpt":{"rendered":"<p>Le coordinateur du Comit\u00e9 international pour la lev\u00e9e du blocus sur Gaza, RedaYasen, a d\u00e9clar\u00e9 : \u00ab Le navire Handala, qui fait partie de la flottille de la libert\u00e9, est actuellement ancr\u00e9 au large des c\u00f4tes de Gallipoli, en Italie. Il s\u2019agit de la derni\u00e8re \u00e9tape avant son d\u00e9part vers Gaza, et aucune escale n\u2019est &hellip;<\/p>\n","protected":false},"author":2,"featured_media":16933,"comment_status":"open","ping_status":"open","sticky":false,"template":"","format":"standard","meta":{"footnotes":""},"categories":[18,29],"tags":[],"class_list":["post-16932","post","type-post","status-publish","format-standard","has-post-thumbnail","hentry","category-actualites","category-monde"],"_links":{"self":[{"href":"https:\/\/ladepeche.mr\/index.php?rest_route=\/wp\/v2\/posts\/16932","targetHints":{"allow":["GET"]}}],"collection":[{"href":"https:\/\/ladepeche.mr\/index.php?rest_route=\/wp\/v2\/posts"}],"about":[{"href":"https:\/\/ladepeche.mr\/index.php?rest_route=\/wp\/v2\/types\/post"}],"author":[{"embeddable":true,"href":"https:\/\/ladepeche.mr\/index.php?rest_route=\/wp\/v2\/users\/2"}],"replies":[{"embeddable":true,"href":"https:\/\/ladepeche.mr\/index.php?rest_route=%2Fwp%2Fv2%2Fcomments&post=16932"}],"version-history":[{"count":1,"href":"https:\/\/ladepeche.mr\/index.php?rest_route=\/wp\/v2\/posts\/16932\/revisions"}],"predecessor-version":[{"id":16934,"href":"https:\/\/ladepeche.mr\/index.php?rest_route=\/wp\/v2\/posts\/16932\/revisions\/16934"}],"wp:featuredmedia":[{"embeddable":true,"href":"https:\/\/ladepeche.mr\/index.php?rest_route=\/wp\/v2\/media\/16933"}],"wp:attachment":[{"href":"https:\/\/ladepeche.mr\/index.php?rest_route=%2Fwp%2Fv2%2Fmedia&parent=16932"}],"wp:term":[{"taxonomy":"category","embeddable":true,"href":"https:\/\/ladepeche.mr\/index.php?rest_route=%2Fwp%2Fv2%2Fcategories&post=16932"},{"taxonomy":"post_tag","embeddable":true,"href":"https:\/\/ladepeche.mr\/index.php?rest_route=%2Fwp%2Fv2%2Ftags&post=16932"}],"curies":[{"name":"wp","href":"https:\/\/api.w.org\/{rel}","templated":true}]}}