{"id":16938,"date":"2025-07-17T13:14:22","date_gmt":"2025-07-17T13:14:22","guid":{"rendered":"https:\/\/ladepeche.mr\/?p=16938"},"modified":"2025-07-17T13:29:33","modified_gmt":"2025-07-17T13:29:33","slug":"mauritanie-baisse-du-prix-du-riz-apres-un-accord-entre-le-gouvernement-et-les-agriculteurs","status":"publish","type":"post","link":"https:\/\/ladepeche.mr\/?p=16938","title":{"rendered":"Agriculture: Baisse du prix du riz apr\u00e8s un accord entre le gouvernement et les agriculteurs"},"content":{"rendered":"<p>Le prix du riz a enregistr\u00e9, mercredi, une baisse significative. Un accord fixant les nouveaux tarifs du paddy et du riz blanc a \u00e9t\u00e9 , en effet sign\u00e9 dans ce sens entre le ministre de l\u2019Agriculture et de la Souverainet\u00e9 alimentaire, Menna Beibata, et le pr\u00e9sident de la F\u00e9d\u00e9ration nationale des agriculteurs, Dia Adama Oumar.<br \/>\nD\u00e9sormais, la tonne de paddy est fix\u00e9e \u00e0 14 000 MRU, contre 17 000 MRU auparavant, tandis que le riz blanc passe de 30 600 MRU \u00e0 28 000 MRU la tonne. L\u2019accord a \u00e9t\u00e9 sign\u00e9 en pr\u00e9sence de la ministre du Commerce et du Tourisme, Mme Zeinabou Mint Hmednah.<br \/>\n La hausse de la production expliquerait cette baisse des prix du riz. En effet, Menna Beibata a soutenu, lors de la c\u00e9r\u00e9monie de signature de l\u2019accord, que cette baisse des prix fait suite \u00e0 une augmentation des superficies cultiv\u00e9es, un meilleur rendement agricole et une comp\u00e9titivit\u00e9 accrue. Il a notamment mis en avant l&#8217;efficacit\u00e9 des mesures prises par son d\u00e9partement, comme l&#8217;entretien des canaux d&#8217;irrigation, la subvention des intrants et la lutte contre les parasites. Ces efforts ont permis, selon lui, d\u2019atteindre un rendement de 6 tonnes \u00e0 l\u2019hectare sur une superficie de 52 000 hectares.<br \/>\n&#8220;Sur la base de ces r\u00e9sultats et conform\u00e9ment aux directives du gouvernement, une r\u00e9union avec les repr\u00e9sentants des agriculteurs a permis d\u2019aboutir \u00e0 cet accord b\u00e9n\u00e9fique pour les producteurs comme pour les consommateurs&#8221;, a-t-il d\u00e9clar\u00e9, r\u00e9affirmant la volont\u00e9 de l\u2019\u00c9tat de poursuivre son soutien au monde rural dans le cadre de l\u2019objectif de souverainet\u00e9 alimentaire.<br \/>\nLa r\u00e9alisation de cet accord est aussi le fruit du soutien des acteurs \u00e9conomiques. Le pr\u00e9sident de l\u2019Union nationale du patronat mauritanien, Mohamed Zeine El Abidine Ould Cheikh Ahmed, et Dia Adama Oumar, repr\u00e9sentant des agriculteurs,se sont f\u00e9licit\u00e9 de la conclusion de l\u2019accord soulignant un partenariat &#8220;fructueux&#8221; entre leurs organisations et le minist\u00e8re de l\u2019Agriculture.<\/p>\n","protected":false},"excerpt":{"rendered":"<p>Le prix du riz a enregistr\u00e9, mercredi, une baisse significative. Un accord fixant les nouveaux tarifs du paddy et du riz blanc a \u00e9t\u00e9 , en effet sign\u00e9 dans ce sens entre le ministre de l\u2019Agriculture et de la Souverainet\u00e9 alimentaire, Menna Beibata, et le pr\u00e9sident de la F\u00e9d\u00e9ration nationale des agriculteurs, Dia Adama Oumar. &hellip;<\/p>\n","protected":false},"author":2,"featured_media":16939,"comment_status":"open","ping_status":"open","sticky":false,"template":"","format":"standard","meta":{"footnotes":""},"categories":[18,2],"tags":[],"class_list":["post-16938","post","type-post","status-publish","format-standard","has-post-thumbnail","hentry","category-actualites","category-economie"],"_links":{"self":[{"href":"https:\/\/ladepeche.mr\/index.php?rest_route=\/wp\/v2\/posts\/16938","targetHints":{"allow":["GET"]}}],"collection":[{"href":"https:\/\/ladepeche.mr\/index.php?rest_route=\/wp\/v2\/posts"}],"about":[{"href":"https:\/\/ladepeche.mr\/index.php?rest_route=\/wp\/v2\/types\/post"}],"author":[{"embeddable":true,"href":"https:\/\/ladepeche.mr\/index.php?rest_route=\/wp\/v2\/users\/2"}],"replies":[{"embeddable":true,"href":"https:\/\/ladepeche.mr\/index.php?rest_route=%2Fwp%2Fv2%2Fcomments&post=16938"}],"version-history":[{"count":2,"href":"https:\/\/ladepeche.mr\/index.php?rest_route=\/wp\/v2\/posts\/16938\/revisions"}],"predecessor-version":[{"id":16944,"href":"https:\/\/ladepeche.mr\/index.php?rest_route=\/wp\/v2\/posts\/16938\/revisions\/16944"}],"wp:featuredmedia":[{"embeddable":true,"href":"https:\/\/ladepeche.mr\/index.php?rest_route=\/wp\/v2\/media\/16939"}],"wp:attachment":[{"href":"https:\/\/ladepeche.mr\/index.php?rest_route=%2Fwp%2Fv2%2Fmedia&parent=16938"}],"wp:term":[{"taxonomy":"category","embeddable":true,"href":"https:\/\/ladepeche.mr\/index.php?rest_route=%2Fwp%2Fv2%2Fcategories&post=16938"},{"taxonomy":"post_tag","embeddable":true,"href":"https:\/\/ladepeche.mr\/index.php?rest_route=%2Fwp%2Fv2%2Ftags&post=16938"}],"curies":[{"name":"wp","href":"https:\/\/api.w.org\/{rel}","templated":true}]}}