{"id":16952,"date":"2025-07-17T19:29:41","date_gmt":"2025-07-17T19:29:41","guid":{"rendered":"https:\/\/ladepeche.mr\/?p=16952"},"modified":"2025-07-17T19:29:41","modified_gmt":"2025-07-17T19:29:41","slug":"senegal-restitution-de-la-derniere-base-militaire-francaise-a-ouakam","status":"publish","type":"post","link":"https:\/\/ladepeche.mr\/?p=16952","title":{"rendered":"S\u00e9n\u00e9gal : restitution de la derni\u00e8re base militaire fran\u00e7aise \u00e0 Ouakam"},"content":{"rendered":"<p>Ce jeudi 18 juillet 2025, la France a officiellement remis au S\u00e9n\u00e9gal le Camp Geille, situ\u00e9 dans le quartier de Ouakam \u00e0 Dakar. Cette restitution marque la fin de la pr\u00e9sence militaire permanente fran\u00e7aise au S\u00e9n\u00e9gal, initi\u00e9e en 1960 \u00e0 la suite de l\u2019ind\u00e9pendance du pays.<br \/>\nLa c\u00e9r\u00e9monie s\u2019est d\u00e9roul\u00e9e en pr\u00e9sence du chef d\u2019\u00e9tat-major g\u00e9n\u00e9ral des arm\u00e9es s\u00e9n\u00e9galaises, le g\u00e9n\u00e9ral Mbaye Ciss\u00e9, et du commandant des forces fran\u00e7aises au S\u00e9n\u00e9gal, le g\u00e9n\u00e9ral Pascal Ianni. Le Camp Geille abritait les \u00c9l\u00e9ments fran\u00e7ais au S\u00e9n\u00e9gal (EFS), derni\u00e8re structure militaire fran\u00e7aise encore active dans le pays.<\/p>\n<p>Depuis mars 2025, plusieurs sites militaires fran\u00e7ais ont \u00e9t\u00e9 restitu\u00e9s aux autorit\u00e9s s\u00e9n\u00e9galaises. Il s\u2019agit notamment du camp Mar\u00e9chal, du quartier Contre-Amiral Protet, de la station interarm\u00e9es de communications de Rufisque et du camp Saint-Exup\u00e9ry. La restitution du Camp Geille compl\u00e8te ce processus.<\/p>\n<p>La coop\u00e9ration militaire entre la France et le S\u00e9n\u00e9gal a d\u00e9but\u00e9 en 1960, \u00e0 travers un accord bilat\u00e9ral pr\u00e9voyant le stationnement de troupes fran\u00e7aises sur le territoire s\u00e9n\u00e9galais. Cette coop\u00e9ration s\u2019est poursuivie \u00e0 travers les Forces fran\u00e7aises du Cap-Vert (FFCV), puis les \u00c9l\u00e9ments fran\u00e7ais au S\u00e9n\u00e9gal (EFS) cr\u00e9\u00e9s en 2011. Ces structures avaient pour missions la formation, l\u2019appui logistique et le soutien aux op\u00e9rations ext\u00e9rieures dans la r\u00e9gion.<\/p>\n<p>Le retrait des forces fran\u00e7aises du S\u00e9n\u00e9gal s\u2019inscrit dans un contexte de r\u00e9vision g\u00e9n\u00e9rale du dispositif militaire fran\u00e7ais en Afrique de l\u2019Ouest. Depuis 2022, la France s\u2019est retir\u00e9e de plusieurs pays de la r\u00e9gion, notamment le Mali, le Burkina Faso, le Niger, le Tchad et la C\u00f4te d\u2019Ivoire.<\/p>\n<p>La d\u00e9cision de mettre fin \u00e0 la pr\u00e9sence militaire permanente fran\u00e7aise au S\u00e9n\u00e9gal fait suite \u00e0 l\u2019annonce du pr\u00e9sident Bassirou Diomaye Faye, \u00e9lu en mars 2024, de fermer toutes les bases militaires \u00e9trang\u00e8res d\u2019ici fin 2025.<\/p>\n<p>La restitution du Camp Geille a pour effet la fin du stationnement permanent de troupes fran\u00e7aises au S\u00e9n\u00e9gal. Cependant, les autorit\u00e9s fran\u00e7aises et s\u00e9n\u00e9galaises ont indiqu\u00e9 que la coop\u00e9ration militaire entre les deux pays se poursuivra sous une autre forme. Des discussions sont en cours pour \u00e9tablir un nouveau cadre juridique fond\u00e9 sur l\u2019accord de d\u00e9fense sign\u00e9 en 2012 entre les deux \u00c9tats.<\/p>\n<p>La France conserve une pr\u00e9sence militaire sur le continent africain, notamment \u00e0 Djibouti. Aucune autre base fran\u00e7aise n\u2019est actuellement active en Afrique de l\u2019Ouest \u00e0 la date de juillet 2025.<br \/>\nhttps:\/\/www.msn.com\/fr-xl\/actualite\/other\/s%C3%A9n%C3%A9gal-restitution-de-la-derni%C3%A8re-base-militaire-fran%C3%A7aise-%C3%A0-ouakam\/ar-AA1IMjfL?ocid=msedgntp&#038;pc=U531&#038;cvid=68ba3595cf0848518ad78f35190dc993&#038;ei=8<\/p>\n","protected":false},"excerpt":{"rendered":"<p>Ce jeudi 18 juillet 2025, la France a officiellement remis au S\u00e9n\u00e9gal le Camp Geille, situ\u00e9 dans le quartier de Ouakam \u00e0 Dakar. Cette restitution marque la fin de la pr\u00e9sence militaire permanente fran\u00e7aise au S\u00e9n\u00e9gal, initi\u00e9e en 1960 \u00e0 la suite de l\u2019ind\u00e9pendance du pays. La c\u00e9r\u00e9monie s\u2019est d\u00e9roul\u00e9e en pr\u00e9sence du chef d\u2019\u00e9tat-major &hellip;<\/p>\n","protected":false},"author":2,"featured_media":16953,"comment_status":"open","ping_status":"open","sticky":false,"template":"","format":"standard","meta":{"footnotes":""},"categories":[18,29],"tags":[],"class_list":["post-16952","post","type-post","status-publish","format-standard","has-post-thumbnail","hentry","category-actualites","category-monde"],"_links":{"self":[{"href":"https:\/\/ladepeche.mr\/index.php?rest_route=\/wp\/v2\/posts\/16952","targetHints":{"allow":["GET"]}}],"collection":[{"href":"https:\/\/ladepeche.mr\/index.php?rest_route=\/wp\/v2\/posts"}],"about":[{"href":"https:\/\/ladepeche.mr\/index.php?rest_route=\/wp\/v2\/types\/post"}],"author":[{"embeddable":true,"href":"https:\/\/ladepeche.mr\/index.php?rest_route=\/wp\/v2\/users\/2"}],"replies":[{"embeddable":true,"href":"https:\/\/ladepeche.mr\/index.php?rest_route=%2Fwp%2Fv2%2Fcomments&post=16952"}],"version-history":[{"count":1,"href":"https:\/\/ladepeche.mr\/index.php?rest_route=\/wp\/v2\/posts\/16952\/revisions"}],"predecessor-version":[{"id":16954,"href":"https:\/\/ladepeche.mr\/index.php?rest_route=\/wp\/v2\/posts\/16952\/revisions\/16954"}],"wp:featuredmedia":[{"embeddable":true,"href":"https:\/\/ladepeche.mr\/index.php?rest_route=\/wp\/v2\/media\/16953"}],"wp:attachment":[{"href":"https:\/\/ladepeche.mr\/index.php?rest_route=%2Fwp%2Fv2%2Fmedia&parent=16952"}],"wp:term":[{"taxonomy":"category","embeddable":true,"href":"https:\/\/ladepeche.mr\/index.php?rest_route=%2Fwp%2Fv2%2Fcategories&post=16952"},{"taxonomy":"post_tag","embeddable":true,"href":"https:\/\/ladepeche.mr\/index.php?rest_route=%2Fwp%2Fv2%2Ftags&post=16952"}],"curies":[{"name":"wp","href":"https:\/\/api.w.org\/{rel}","templated":true}]}}