{"id":16955,"date":"2025-07-17T20:00:01","date_gmt":"2025-07-17T20:00:01","guid":{"rendered":"https:\/\/ladepeche.mr\/?p=16955"},"modified":"2025-07-17T20:18:39","modified_gmt":"2025-07-17T20:18:39","slug":"situation-des-senegalais-en-mauritanie-communique-du-ministere-senegalais-de-lintegration-africaine-et-des-affaires-etrangeres","status":"publish","type":"post","link":"https:\/\/ladepeche.mr\/?p=16955","title":{"rendered":"Situation des s\u00e9n\u00e9galais en Mauritanie : Communiqu\u00e9 du minist\u00e8re s\u00e9n\u00e9galais de l&#8217;Int\u00e9gration Africaine et des Affaires \u00c9trang\u00e8res"},"content":{"rendered":"<p>Suite \u00e0 la situation difficile que vivent plusieurs S\u00e9n\u00e9galais \u00e9tablis en Mauritanie, les autorit\u00e9s s\u00e9n\u00e9galaises et mauritaniennes ont entrepris des concertations en vue de trouver une solution juste et durable \u00e0 ce probl\u00e8me.<\/p>\n<p>A cet \u00e9gard, le Minist\u00e8re de l\u2019Int\u00e9gration africaine et des Affaires \u00e9trang\u00e8res informe la communaut\u00e9 s\u00e9n\u00e9galaise vivant en Mauritanie qu\u2019au terme des discussions engag\u00e9es avec les autorit\u00e9s mauritaniennes, il a \u00e9t\u00e9 retenu que l\u2019application provisoire de l\u2019Accord sur les conditions d\u2019entr\u00e9e, de s\u00e9jour et d\u2019\u00e9tablissement des personnes et de leurs biens entre la R\u00e9publique du S\u00e9n\u00e9gal et la R\u00e9publique Islamique de Mauritanie sign\u00e9 le 02 juin 2025, d\u00e9butera le 25 juillet 2025.<\/p>\n<p>Ainsi, les s\u00e9n\u00e9galais se rendant sur le territoire de la R\u00e9publique Islamique de Mauritanie seront dispens\u00e9s totalement du paiement des frais y relatifs, notamment ceux li\u00e9s \u00e0 la subsistance.<\/p>\n<p>En outre, les ressortissants s\u00e9n\u00e9galais qui r\u00e9sident sur le territoire mauritanien pour une dur\u00e9e sup\u00e9rieure \u00e0 trois (03) mois doivent accomplir les d\u00e9marches pour obtenir la carte de s\u00e9jour. Ils devront se pr\u00e9senter aux lieux d\u00e9di\u00e9s \u00e0 cet effet, munis de leur carte nationale d\u2019identit\u00e9 ou leur passeport en cours de validit\u00e9, ainsi que leur carte consulaire et payer un montant de 300 MRU.<\/p>\n<p>Les autorit\u00e9s comp\u00e9tentes des deux pays s\u2019engagent \u00e0 veiller \u00e0 l\u2019application rigoureuse dudit accord. Le Minist\u00e8re de l\u2019Int\u00e9gration africaine et des Affaires \u00e9trang\u00e8res remercie les autorit\u00e9s mauritaniennes pour leur bonne collaboration, dans l\u2019esprit des excellentes relations d\u2019amiti\u00e9 et de fraternit\u00e9 qui lient les deux pays.<\/p>\n<p>Il invite la communaut\u00e9 s\u00e9n\u00e9galaise en Mauritanie \u00e0 respecter scrupuleusement les lois et r\u00e8glements de leur pays d\u2019accueil et leur exprime, \u00e0 l\u2019occasion, son empathie et sa solidarit\u00e9.<\/p>\n<p>L\u2019ambassade du S\u00e9n\u00e9gal en Mauritanie travaillera en collaboration avec les autorit\u00e9s mauritaniennes et la communaut\u00e9 s\u00e9n\u00e9galaise pour assurer \u00e0 nos compatriotes de bonnes conditions de s\u00e9jour en Mauritanie.<\/p>\n<p>L\u2019ambassade met \u00e0 la disposition de la communaut\u00e9 le num\u00e9ro ci-apr\u00e8s auquel elle reste joignable \u00e0 toutes fins utiles : 42 00 77 55.<\/p>\n<p>Fait \u00e0 Dakar, le 17 juillet 2025 via ISEMS<\/p>\n","protected":false},"excerpt":{"rendered":"<p>Suite \u00e0 la situation difficile que vivent plusieurs S\u00e9n\u00e9galais \u00e9tablis en Mauritanie, les autorit\u00e9s s\u00e9n\u00e9galaises et mauritaniennes ont entrepris des concertations en vue de trouver une solution juste et durable \u00e0 ce probl\u00e8me. A cet \u00e9gard, le Minist\u00e8re de l\u2019Int\u00e9gration africaine et des Affaires \u00e9trang\u00e8res informe la communaut\u00e9 s\u00e9n\u00e9galaise vivant en Mauritanie qu\u2019au terme des &hellip;<\/p>\n","protected":false},"author":2,"featured_media":16956,"comment_status":"open","ping_status":"open","sticky":false,"template":"","format":"standard","meta":{"footnotes":""},"categories":[18,29],"tags":[],"class_list":["post-16955","post","type-post","status-publish","format-standard","has-post-thumbnail","hentry","category-actualites","category-monde"],"_links":{"self":[{"href":"https:\/\/ladepeche.mr\/index.php?rest_route=\/wp\/v2\/posts\/16955","targetHints":{"allow":["GET"]}}],"collection":[{"href":"https:\/\/ladepeche.mr\/index.php?rest_route=\/wp\/v2\/posts"}],"about":[{"href":"https:\/\/ladepeche.mr\/index.php?rest_route=\/wp\/v2\/types\/post"}],"author":[{"embeddable":true,"href":"https:\/\/ladepeche.mr\/index.php?rest_route=\/wp\/v2\/users\/2"}],"replies":[{"embeddable":true,"href":"https:\/\/ladepeche.mr\/index.php?rest_route=%2Fwp%2Fv2%2Fcomments&post=16955"}],"version-history":[{"count":2,"href":"https:\/\/ladepeche.mr\/index.php?rest_route=\/wp\/v2\/posts\/16955\/revisions"}],"predecessor-version":[{"id":16958,"href":"https:\/\/ladepeche.mr\/index.php?rest_route=\/wp\/v2\/posts\/16955\/revisions\/16958"}],"wp:featuredmedia":[{"embeddable":true,"href":"https:\/\/ladepeche.mr\/index.php?rest_route=\/wp\/v2\/media\/16956"}],"wp:attachment":[{"href":"https:\/\/ladepeche.mr\/index.php?rest_route=%2Fwp%2Fv2%2Fmedia&parent=16955"}],"wp:term":[{"taxonomy":"category","embeddable":true,"href":"https:\/\/ladepeche.mr\/index.php?rest_route=%2Fwp%2Fv2%2Fcategories&post=16955"},{"taxonomy":"post_tag","embeddable":true,"href":"https:\/\/ladepeche.mr\/index.php?rest_route=%2Fwp%2Fv2%2Ftags&post=16955"}],"curies":[{"name":"wp","href":"https:\/\/api.w.org\/{rel}","templated":true}]}}