{"id":16959,"date":"2025-07-18T09:00:15","date_gmt":"2025-07-18T09:00:15","guid":{"rendered":"https:\/\/ladepeche.mr\/?p=16959"},"modified":"2025-07-18T01:31:36","modified_gmt":"2025-07-18T01:31:36","slug":"a-bogota-des-pays-du-sud-global-passent-aux-actes-contre-israel","status":"publish","type":"post","link":"https:\/\/ladepeche.mr\/?p=16959","title":{"rendered":"A Bogota, des pays du Sud global passent aux actes contre Isra\u00ebl"},"content":{"rendered":"<p>Douze Etats, emmen\u00e9s par la Colombie et l\u2019Afrique du Sud, ont annonc\u00e9 des sanctions pour mettre fin \u00e0 l\u2019impunit\u00e9 dont jouit l\u2019Etat h\u00e9breu.<br \/>\nUne coalition de trente Etats, venue du Sud global, mais aussi du continent europ\u00e9en, s\u2019est r\u00e9unie mardi 15 et mercredi 16 juillet, \u00e0 Bogota, \u00e0 l\u2019initiative de la Colombie et de l\u2019Afrique du Sud, pour passer des mots aux actes sur le dossier de Gaza, et mettre un terme \u00e0 l\u2019impunit\u00e9 dont b\u00e9n\u00e9ficie Isra\u00ebl sur la sc\u00e8ne internationale. La d\u00e9claration finale, endoss\u00e9e par 12 des 30 participants, appelle \u00e0 prendre des mesures diplomatiques, juridiques et \u00e9conomiques contre l\u2019Etat h\u00e9breu pour \u00ab rompre les liens de complicit\u00e9 avec [sa] campagne de d\u00e9vastation \u00bb en Palestine.<br \/>\nLa conf\u00e9rence a r\u00e9uni plusieurs poids lourds de la sc\u00e8ne internationale, comme la Chine, le Br\u00e9sil, la Turquie et l\u2019Indon\u00e9sie. Les pays pr\u00e9sents r\u00e9pondaient \u00e0 l\u2019appel du Groupe de La Haye, collectif form\u00e9 il y a six mois pour \u00ab d\u00e9fendre les principes de justice \u00bb de la Charte des Nations unies, \u00e0 l\u2019heure o\u00f9 la bande de Gaza, th\u00e9\u00e2tre de massacres quasi ininterrompus depuis vingt et un mois, est vue comme le cimeti\u00e8re du droit international. Alors que les bombardements isra\u00e9liens ont caus\u00e9 au moins 58 000 morts dans l\u2019enclave palestinienne, les Etats repr\u00e9sent\u00e9s \u00e0 Bogota ont appel\u00e9 \u00e0 un cessez-le-feu imm\u00e9diat. Mais, au-del\u00e0 des d\u00e9plorations, ils ont aussi annonc\u00e9 des sanctions.<br \/>\nhttps:\/\/www.lemonde.fr\/international\/article\/2025\/07\/17\/a-bogota-des-pays-du-sud-global-passent-aux-actes-contre-israel_6621714_3210.html<\/p>\n","protected":false},"excerpt":{"rendered":"<p>Douze Etats, emmen\u00e9s par la Colombie et l\u2019Afrique du Sud, ont annonc\u00e9 des sanctions pour mettre fin \u00e0 l\u2019impunit\u00e9 dont jouit l\u2019Etat h\u00e9breu. Une coalition de trente Etats, venue du Sud global, mais aussi du continent europ\u00e9en, s\u2019est r\u00e9unie mardi 15 et mercredi 16 juillet, \u00e0 Bogota, \u00e0 l\u2019initiative de la Colombie et de l\u2019Afrique &hellip;<\/p>\n","protected":false},"author":2,"featured_media":16960,"comment_status":"open","ping_status":"open","sticky":false,"template":"","format":"standard","meta":{"footnotes":""},"categories":[18,29],"tags":[],"class_list":["post-16959","post","type-post","status-publish","format-standard","has-post-thumbnail","hentry","category-actualites","category-monde"],"_links":{"self":[{"href":"https:\/\/ladepeche.mr\/index.php?rest_route=\/wp\/v2\/posts\/16959","targetHints":{"allow":["GET"]}}],"collection":[{"href":"https:\/\/ladepeche.mr\/index.php?rest_route=\/wp\/v2\/posts"}],"about":[{"href":"https:\/\/ladepeche.mr\/index.php?rest_route=\/wp\/v2\/types\/post"}],"author":[{"embeddable":true,"href":"https:\/\/ladepeche.mr\/index.php?rest_route=\/wp\/v2\/users\/2"}],"replies":[{"embeddable":true,"href":"https:\/\/ladepeche.mr\/index.php?rest_route=%2Fwp%2Fv2%2Fcomments&post=16959"}],"version-history":[{"count":1,"href":"https:\/\/ladepeche.mr\/index.php?rest_route=\/wp\/v2\/posts\/16959\/revisions"}],"predecessor-version":[{"id":16961,"href":"https:\/\/ladepeche.mr\/index.php?rest_route=\/wp\/v2\/posts\/16959\/revisions\/16961"}],"wp:featuredmedia":[{"embeddable":true,"href":"https:\/\/ladepeche.mr\/index.php?rest_route=\/wp\/v2\/media\/16960"}],"wp:attachment":[{"href":"https:\/\/ladepeche.mr\/index.php?rest_route=%2Fwp%2Fv2%2Fmedia&parent=16959"}],"wp:term":[{"taxonomy":"category","embeddable":true,"href":"https:\/\/ladepeche.mr\/index.php?rest_route=%2Fwp%2Fv2%2Fcategories&post=16959"},{"taxonomy":"post_tag","embeddable":true,"href":"https:\/\/ladepeche.mr\/index.php?rest_route=%2Fwp%2Fv2%2Ftags&post=16959"}],"curies":[{"name":"wp","href":"https:\/\/api.w.org\/{rel}","templated":true}]}}