{"id":16962,"date":"2025-07-18T10:55:54","date_gmt":"2025-07-18T10:55:54","guid":{"rendered":"https:\/\/ladepeche.mr\/?p=16962"},"modified":"2025-07-18T10:55:54","modified_gmt":"2025-07-18T10:55:54","slug":"chroniques-americaines-quand-trump-fait-du-trump-et-ghazouani-du-ghazouani","status":"publish","type":"post","link":"https:\/\/ladepeche.mr\/?p=16962","title":{"rendered":"Chroniques am\u00e9ricaines : quand Trump fait du Trump et Ghazouani du Ghazouani"},"content":{"rendered":"<p>Certaines images du passage r\u00e9cent de cinq pr\u00e9sidents africains \u00e0 la Maison blanche ont donn\u00e9 lieu \u00e0 des commentaires ampoul\u00e9s. La photo de famille o\u00f9 l\u2019on voit le pr\u00e9sident am\u00e9ricain assis et ses homologues africains derri\u00e8re lui en a interpell\u00e9 plus d\u2019un. Il y a eu le commentaire condescendant de Donald Trump sur la ma\u00eetrise de l\u2019anglais par le Lib\u00e9rien, ou sa fa\u00e7on discourtoise de couper la parole au pr\u00e9sident mauritanien Mohamed Ould Cheikh El Ghazouani. Pour autant, va-t-on reprocher \u00e0 ces chefs d\u2019\u00c9tat d\u2019avoir r\u00e9pondu \u00e0 l\u2019invitation de l\u2019insolite occupant du bureau ovale ! Ici ou l\u00e0 en Afrique, on s\u2019est dit choqu\u00e9 et, comme d\u2019habitude, on a eu recours \u00e0 ces analyses l\u00e9g\u00e8res qui donnent toujours le bon r\u00f4le au \u00ab colon \u00bb que l\u2019on pr\u00e9tend critiquer.<\/p>\n<p>On a pourfendu l\u2019\u00e9ternelle servilit\u00e9 des dirigeants africains. Quand le pr\u00e9sident ougandais Idi Amin Dada vocif\u00e9rait des insanit\u00e9s \u00e0 tire-larigot, quand il se faisait porter sur un palanquin par des Blancs, personne n\u2019en bl\u00e2mait les pauvres Blancs. Le ridicule \u00e9tait du c\u00f4t\u00e9 du bouffon. Mais ici, comme d\u2019habitude, des d\u00e9fenseurs de la dignit\u00e9 africaine ont bl\u00e2m\u00e9 la soumission des pr\u00e9sidents africains. Au moins sur le pr\u00e9sident mauritanien, ils se sont tromp\u00e9s.<\/p>\n<p>Je pense qu\u2019avant toute chose Trump a, une fois de plus, fait du Trump. Il a coup\u00e9 la parole \u00e0 ses homologues et ces derniers n\u2019ont rien dit. Ici, chacun a fait jouer sa personnalit\u00e9. Je ne qualifierai pas celle du pr\u00e9sident am\u00e9ricain, ni son regard sur l\u2019Afrique, ni son sens de la nuance. Si certains en sont surpris\u2026 Quand on rend visite \u00e0 quelqu\u2019un, on doit le conna\u00eetre.<\/p>\n<p>J\u2019aimerais que l\u2019on me dise comment devait r\u00e9agir le pr\u00e9sident Ghazouani, homme tout en civilit\u00e9s et en nuance, face au Yankee sans mani\u00e8re : manifester \u00e0 la face du monde, bl\u00e2mer son h\u00f4te pour son incorrection, \u00e9taler ses \u00e9tats d\u2019\u00e2me, claquer la porte ! Quelqu\u2019un d\u2019autre aurait peut-\u00eatre emprunt\u00e9 cette voie. Mais jamais le pr\u00e9sident mauritanien, qui sans \u00eatre taiseux \u2013 il n\u2019en est pas loin \u2013 a une ma\u00eetrise de soi qui en a d\u00e9rout\u00e9 plus d\u2019un.<\/p>\n<p>Les deux hommes sont rest\u00e9s chacun dans son style. Il appartient \u00e0 l\u2019h\u00f4te d\u2019\u00eatre courtois. S\u2019il ne l\u2019est pas, on ne se charge pas de refaire son \u00e9ducation. C\u2019est le choix des Am\u00e9ricains. Face \u00e0 un chef de village ou d\u2019association mauritanien, Ghazouani aurait eu la m\u00eame r\u00e9action. Je me souviens de ce portrait que dressait de lui mon ami Ethmane El Yessa, un \u00ab farouche \u00bb opposant.<\/p>\n<p>Voici ce qu\u2019il d\u00e9clarait : \u00ab \u00c0 s\u2019en tenir aux dires concordants, l\u2019aptitude au consensus l\u2019habite et fa\u00e7onne son temp\u00e9rament\u2026 affable, \u00e0 l\u2019\u00e9coute et profond\u00e9ment r\u00e9fractaire \u00e0 la violence\u2026 Le culte de la personnalit\u00e9 le d\u00e9range mais il le supporte, par courtoisie envers le laudateur. Il fuit le scandale\u2026 \u00bb. Et vous auriez voulu que cet homme, dont m\u00eame l\u2019opposition reconna\u00eet l\u2019affabilit\u00e9 et le temp\u00e9rament r\u00e9fractaire \u00e0 la violence, vous vouliez qu\u2019il r\u00e9agisse \u00e0 la Trump !<\/p>\n<p>Il est plut\u00f4t int\u00e9ressant de se pencher sur la suite du voyage et les rencontres dans les milieux d\u2019affaires pour savoir o\u00f9 le pr\u00e9sident Ghazouani place sa mission am\u00e9ricaine. Et c\u2019est gr\u00e2ce \u00e0 cette m\u00e9thode qu\u2019il a permis \u00e0 son pays d\u2019afficher des r\u00e9sultats respectables dans tous les domaines : diplomatie, politique, \u00e9conomie, social. Comme il le fait \u00e0 tous ses rendez-vous, l\u2019homme a parl\u00e9 au nom de son pays et a su int\u00e9resser ses interlocuteurs. Il n\u2019\u00e9tait pas l\u00e0 pour un quelconque concours L\u00e9pine de la gaudriole.<\/p>\n<p>Jemal M Taleb<br \/>\navocat au barreau de Paris<br \/>\nvice-pr\u00e9sident du CIRE<\/p>\n<p>Lire aussi sur: https:\/\/www.financialafrik.com\/2025\/07\/18\/chroniques-americaines-quand-trump-fait-du-trump-et-ghazouani-du-ghazouani\/ <\/p>\n","protected":false},"excerpt":{"rendered":"<p>Certaines images du passage r\u00e9cent de cinq pr\u00e9sidents africains \u00e0 la Maison blanche ont donn\u00e9 lieu \u00e0 des commentaires ampoul\u00e9s. La photo de famille o\u00f9 l\u2019on voit le pr\u00e9sident am\u00e9ricain assis et ses homologues africains derri\u00e8re lui en a interpell\u00e9 plus d\u2019un. Il y a eu le commentaire condescendant de Donald Trump sur la ma\u00eetrise &hellip;<\/p>\n","protected":false},"author":2,"featured_media":16963,"comment_status":"open","ping_status":"open","sticky":false,"template":"","format":"standard","meta":{"footnotes":""},"categories":[18,31],"tags":[],"class_list":["post-16962","post","type-post","status-publish","format-standard","has-post-thumbnail","hentry","category-actualites","category-politique-et-reportages"],"_links":{"self":[{"href":"https:\/\/ladepeche.mr\/index.php?rest_route=\/wp\/v2\/posts\/16962","targetHints":{"allow":["GET"]}}],"collection":[{"href":"https:\/\/ladepeche.mr\/index.php?rest_route=\/wp\/v2\/posts"}],"about":[{"href":"https:\/\/ladepeche.mr\/index.php?rest_route=\/wp\/v2\/types\/post"}],"author":[{"embeddable":true,"href":"https:\/\/ladepeche.mr\/index.php?rest_route=\/wp\/v2\/users\/2"}],"replies":[{"embeddable":true,"href":"https:\/\/ladepeche.mr\/index.php?rest_route=%2Fwp%2Fv2%2Fcomments&post=16962"}],"version-history":[{"count":1,"href":"https:\/\/ladepeche.mr\/index.php?rest_route=\/wp\/v2\/posts\/16962\/revisions"}],"predecessor-version":[{"id":16964,"href":"https:\/\/ladepeche.mr\/index.php?rest_route=\/wp\/v2\/posts\/16962\/revisions\/16964"}],"wp:featuredmedia":[{"embeddable":true,"href":"https:\/\/ladepeche.mr\/index.php?rest_route=\/wp\/v2\/media\/16963"}],"wp:attachment":[{"href":"https:\/\/ladepeche.mr\/index.php?rest_route=%2Fwp%2Fv2%2Fmedia&parent=16962"}],"wp:term":[{"taxonomy":"category","embeddable":true,"href":"https:\/\/ladepeche.mr\/index.php?rest_route=%2Fwp%2Fv2%2Fcategories&post=16962"},{"taxonomy":"post_tag","embeddable":true,"href":"https:\/\/ladepeche.mr\/index.php?rest_route=%2Fwp%2Fv2%2Ftags&post=16962"}],"curies":[{"name":"wp","href":"https:\/\/api.w.org\/{rel}","templated":true}]}}