{"id":16965,"date":"2025-07-18T11:30:58","date_gmt":"2025-07-18T11:30:58","guid":{"rendered":"https:\/\/ladepeche.mr\/?p=16965"},"modified":"2025-07-18T11:00:43","modified_gmt":"2025-07-18T11:00:43","slug":"le-chef-detat-major-des-armees-larmee-nationale-est-une-seule-tribu-etrangere-aux-calculs-politiques","status":"publish","type":"post","link":"https:\/\/ladepeche.mr\/?p=16965","title":{"rendered":"Le Chef d\u2019\u00c9tat-Major des Arm\u00e9es : \u00ab L\u2019arm\u00e9e nationale est une seule tribu, \u00e9trang\u00e8re aux calculs politiques \u00bb"},"content":{"rendered":"<p>En d\u00e9placement ce mercredi \u00e0 la garnison d\u2019Atar, le chef d\u2019\u00e9tat-major des arm\u00e9es, le g\u00e9n\u00e9ral Mohamed Vall Ould Ra\u00efs, a rappel\u00e9 le caract\u00e8re apolitique et unificateur de l\u2019arm\u00e9e nationale. \u00ab L\u2019arm\u00e9e nationale est une seule tribu, une seule composante \u00bb, a-t-il affirm\u00e9, pr\u00e9cisant que les forces arm\u00e9es ne sauraient \u00eatre m\u00eal\u00e9es aux jeux ni aux enjeux politiques. Leur seule mission, a-t-il rappel\u00e9, reste la protection de l\u2019\u00c9tat et la pr\u00e9servation de son unit\u00e9, en tant que socle de la nation.<\/p>\n<p>Face aux militaires des unit\u00e9s de la 3e r\u00e9gion militaire, du 1er bataillon des commandos parachutistes et du groupement sp\u00e9cial d\u2019intervention n\u00b06, le g\u00e9n\u00e9ral Ould Ra\u00efs a soulign\u00e9 l\u2019importance des valeurs d\u2019int\u00e9grit\u00e9 dans les rangs : \u00ab Le militaire doit \u00eatre honn\u00eate, ne pas mentir, ne pas voler, ne pas trahir \u00bb, a-t-il insist\u00e9. Il a invit\u00e9 les officiers \u00e0 faire preuve de justice envers leurs hommes, en garantissant l\u2019\u00e9quit\u00e9 dans les promotions, les stages et les primes, levier essentiel, selon lui, pour entretenir le moral des troupes.<\/p>\n<p>Le chef d\u2019\u00e9tat-major a enfin mis en garde contre le gaspillage du mat\u00e9riel militaire acquis sur fonds publics, appelant \u00e0 en assurer la protection. Il a \u00e9galement insist\u00e9 sur le renforcement des cellules de s\u00e9curit\u00e9 militaire, afin de suivre le moral et le rendement des effectifs. Pour lui, \u00ab la disponibilit\u00e9 op\u00e9rationnelle et la justice dans la gestion des hommes \u00bb demeurent les deux fondements de la puissance et de la p\u00e9rennit\u00e9 de l\u2019arm\u00e9e nationale.<\/p>\n<blockquote class=\"wp-embedded-content\" data-secret=\"IgV0MJ5zxq\"><p><a href=\"https:\/\/shemsmaarif.info\/archives\/1039\">Le Chef d\u2019\u00c9tat-Major des Arm\u00e9es : \u00ab L\u2019arm\u00e9e nationale est une seule tribu, \u00e9trang\u00e8re aux calculs politiques \u00bb<\/a><\/p><\/blockquote>\n<p><iframe loading=\"lazy\" class=\"wp-embedded-content\" sandbox=\"allow-scripts\" security=\"restricted\" style=\"position: absolute; visibility: hidden;\" title=\"\u00ab\u00a0Le Chef d\u2019\u00c9tat-Major des Arm\u00e9es : \u00ab L\u2019arm\u00e9e nationale est une seule tribu, \u00e9trang\u00e8re aux calculs politiques \u00bb\u00a0\u00bb &#8212; shemsmaarif info\" src=\"https:\/\/shemsmaarif.info\/archives\/1039\/embed#?secret=TBcwHDbZsO#?secret=IgV0MJ5zxq\" data-secret=\"IgV0MJ5zxq\" width=\"500\" height=\"282\" frameborder=\"0\" marginwidth=\"0\" marginheight=\"0\" scrolling=\"no\"><\/iframe><\/p>\n","protected":false},"excerpt":{"rendered":"<p>En d\u00e9placement ce mercredi \u00e0 la garnison d\u2019Atar, le chef d\u2019\u00e9tat-major des arm\u00e9es, le g\u00e9n\u00e9ral Mohamed Vall Ould Ra\u00efs, a rappel\u00e9 le caract\u00e8re apolitique et unificateur de l\u2019arm\u00e9e nationale. \u00ab L\u2019arm\u00e9e nationale est une seule tribu, une seule composante \u00bb, a-t-il affirm\u00e9, pr\u00e9cisant que les forces arm\u00e9es ne sauraient \u00eatre m\u00eal\u00e9es aux jeux ni aux &hellip;<\/p>\n","protected":false},"author":2,"featured_media":16966,"comment_status":"open","ping_status":"open","sticky":false,"template":"","format":"standard","meta":{"footnotes":""},"categories":[18],"tags":[],"class_list":["post-16965","post","type-post","status-publish","format-standard","has-post-thumbnail","hentry","category-actualites"],"_links":{"self":[{"href":"https:\/\/ladepeche.mr\/index.php?rest_route=\/wp\/v2\/posts\/16965","targetHints":{"allow":["GET"]}}],"collection":[{"href":"https:\/\/ladepeche.mr\/index.php?rest_route=\/wp\/v2\/posts"}],"about":[{"href":"https:\/\/ladepeche.mr\/index.php?rest_route=\/wp\/v2\/types\/post"}],"author":[{"embeddable":true,"href":"https:\/\/ladepeche.mr\/index.php?rest_route=\/wp\/v2\/users\/2"}],"replies":[{"embeddable":true,"href":"https:\/\/ladepeche.mr\/index.php?rest_route=%2Fwp%2Fv2%2Fcomments&post=16965"}],"version-history":[{"count":1,"href":"https:\/\/ladepeche.mr\/index.php?rest_route=\/wp\/v2\/posts\/16965\/revisions"}],"predecessor-version":[{"id":16967,"href":"https:\/\/ladepeche.mr\/index.php?rest_route=\/wp\/v2\/posts\/16965\/revisions\/16967"}],"wp:featuredmedia":[{"embeddable":true,"href":"https:\/\/ladepeche.mr\/index.php?rest_route=\/wp\/v2\/media\/16966"}],"wp:attachment":[{"href":"https:\/\/ladepeche.mr\/index.php?rest_route=%2Fwp%2Fv2%2Fmedia&parent=16965"}],"wp:term":[{"taxonomy":"category","embeddable":true,"href":"https:\/\/ladepeche.mr\/index.php?rest_route=%2Fwp%2Fv2%2Fcategories&post=16965"},{"taxonomy":"post_tag","embeddable":true,"href":"https:\/\/ladepeche.mr\/index.php?rest_route=%2Fwp%2Fv2%2Ftags&post=16965"}],"curies":[{"name":"wp","href":"https:\/\/api.w.org\/{rel}","templated":true}]}}