{"id":16968,"date":"2025-07-18T13:15:30","date_gmt":"2025-07-18T13:15:30","guid":{"rendered":"https:\/\/ladepeche.mr\/?p=16968"},"modified":"2025-07-18T13:31:18","modified_gmt":"2025-07-18T13:31:18","slug":"activites-industrielle-lan-adopte-un-nouveau-cadre-legal-pour-la-regulation","status":"publish","type":"post","link":"https:\/\/ladepeche.mr\/?p=16968","title":{"rendered":"Industrie: l\u2019AN adopte un nouveau cadre l\u00e9gal pour la r\u00e9gulation"},"content":{"rendered":"<p>R\u00e9unie en s\u00e9ance publique ce jeudi, l\u2019Assembl\u00e9e nationale a approuv\u00e9 un projet de loi destin\u00e9 \u00e0 doter notre pays d\u2019un cadre juridique moderne pour le d\u00e9veloppement du secteur industriel. Ce texte vise \u00e0 combler un vide l\u00e9gislatif vieux de plusieurs d\u00e9cennies.<br \/>\nSous la pr\u00e9sidence du vice-pr\u00e9sident de l\u2019Assembl\u00e9e nationale, Ahmedou Mohamed Mahfoudh Mbala, les d\u00e9put\u00e9s ont adopt\u00e9 un projet d&#8217;une nouvelle l\u00e9gislation destin\u00e9e \u00e0 structurer un secteur jusque-l\u00e0 d\u00e9pourvu de cadre juridique unifi\u00e9, apr\u00e8s l\u2019abrogation en 1984 d\u2019anciens textes de r\u00e9f\u00e9rence.<\/p>\n<p>Le texte d\u00e9fendu par le ministre des Mines et de l\u2019\u00c9nergie, Thiam Tidjani, s\u2019inscrit, selon lui, dans une d\u00e9marche strat\u00e9gique globale port\u00e9e par le gouvernement, visant \u00e0 mettre en place une politique industrielle coh\u00e9rente et int\u00e9gr\u00e9e. L\u2019objectif affich\u00e9 est de valoriser les ressources naturelles du pays \u2014 qu\u2019elles soient mini\u00e8res, agricoles, halieutiques ou animales \u2014 tout en misant sur les \u00e9nergies propres, notamment l\u2019hydrog\u00e8ne vert.<br \/>\nPour le ministre, la r\u00e9forme l\u00e9gislative vise \u00e0 rendre le secteur plus attractif pour les investisseurs, \u00e0 encourager la transformation locale des mati\u00e8res premi\u00e8res et \u00e0 stimuler les exportations. \u00ab L\u2019adoption de ce cadre r\u00e9glementaire moderne permettra d\u2019accompagner l\u2019\u00e9volution du secteur industriel et de construire une \u00e9conomie productive, comp\u00e9titive et durable \u00bb, a-t-il d\u00e9clar\u00e9.<br \/>\nPlusieurs mesures sont envisag\u00e9es dans cette optique de r\u00e9forme parmi lesquelles la mise en place d\u2019infrastructures adapt\u00e9es, l\u2019adoption de certificats de conformit\u00e9 pour les produits nationaux, l\u2019\u00e9tablissement d\u2019une liste officielle de produits b\u00e9n\u00e9ficiant d\u2019une pr\u00e9f\u00e9rence locale, ainsi qu\u2019un renforcement de la coordination intersectorielle.<br \/>\nLe texte pr\u00e9voit \u00e9galement des programmes de formation pour pallier le d\u00e9ficit en main-d\u2019\u0153uvre qualifi\u00e9e.<\/p>\n<p>L&#8217;adoption de cette r\u00e9forme permettrait au gouvernement mauritanien de poser les bases d\u2019une industrie nationale forte, levier essentiel de croissance, de cr\u00e9ation d\u2019emplois et de d\u00e9veloppement durable.<br \/>\n(avec Ami)<\/p>\n","protected":false},"excerpt":{"rendered":"<p>R\u00e9unie en s\u00e9ance publique ce jeudi, l\u2019Assembl\u00e9e nationale a approuv\u00e9 un projet de loi destin\u00e9 \u00e0 doter notre pays d\u2019un cadre juridique moderne pour le d\u00e9veloppement du secteur industriel. Ce texte vise \u00e0 combler un vide l\u00e9gislatif vieux de plusieurs d\u00e9cennies. Sous la pr\u00e9sidence du vice-pr\u00e9sident de l\u2019Assembl\u00e9e nationale, Ahmedou Mohamed Mahfoudh Mbala, les d\u00e9put\u00e9s &hellip;<\/p>\n","protected":false},"author":2,"featured_media":13760,"comment_status":"open","ping_status":"open","sticky":false,"template":"","format":"standard","meta":{"footnotes":""},"categories":[18,2],"tags":[],"class_list":["post-16968","post","type-post","status-publish","format-standard","has-post-thumbnail","hentry","category-actualites","category-economie"],"_links":{"self":[{"href":"https:\/\/ladepeche.mr\/index.php?rest_route=\/wp\/v2\/posts\/16968","targetHints":{"allow":["GET"]}}],"collection":[{"href":"https:\/\/ladepeche.mr\/index.php?rest_route=\/wp\/v2\/posts"}],"about":[{"href":"https:\/\/ladepeche.mr\/index.php?rest_route=\/wp\/v2\/types\/post"}],"author":[{"embeddable":true,"href":"https:\/\/ladepeche.mr\/index.php?rest_route=\/wp\/v2\/users\/2"}],"replies":[{"embeddable":true,"href":"https:\/\/ladepeche.mr\/index.php?rest_route=%2Fwp%2Fv2%2Fcomments&post=16968"}],"version-history":[{"count":4,"href":"https:\/\/ladepeche.mr\/index.php?rest_route=\/wp\/v2\/posts\/16968\/revisions"}],"predecessor-version":[{"id":16974,"href":"https:\/\/ladepeche.mr\/index.php?rest_route=\/wp\/v2\/posts\/16968\/revisions\/16974"}],"wp:featuredmedia":[{"embeddable":true,"href":"https:\/\/ladepeche.mr\/index.php?rest_route=\/wp\/v2\/media\/13760"}],"wp:attachment":[{"href":"https:\/\/ladepeche.mr\/index.php?rest_route=%2Fwp%2Fv2%2Fmedia&parent=16968"}],"wp:term":[{"taxonomy":"category","embeddable":true,"href":"https:\/\/ladepeche.mr\/index.php?rest_route=%2Fwp%2Fv2%2Fcategories&post=16968"},{"taxonomy":"post_tag","embeddable":true,"href":"https:\/\/ladepeche.mr\/index.php?rest_route=%2Fwp%2Fv2%2Ftags&post=16968"}],"curies":[{"name":"wp","href":"https:\/\/api.w.org\/{rel}","templated":true}]}}