{"id":16988,"date":"2025-07-19T15:00:40","date_gmt":"2025-07-19T15:00:40","guid":{"rendered":"https:\/\/ladepeche.mr\/?p=16988"},"modified":"2025-07-19T14:09:11","modified_gmt":"2025-07-19T14:09:11","slug":"kinshasa-et-le-m23-saccordent-sur-une-declaration-a-doha","status":"publish","type":"post","link":"https:\/\/ladepeche.mr\/?p=16988","title":{"rendered":"Kinshasa et le M23 s\u2019accordent sur une d\u00e9claration \u00e0 Doha"},"content":{"rendered":"<p>Une d\u00e9claration de principe a \u00e9t\u00e9 sign\u00e9e \u00e0 Doha entre le gouvernement congolais et les rebelles du M23 pour la cessation des hostilit\u00e9s dans l&#8217;est.<\/p>\n<p>Ce samedi, \u00e0 Doha, une d\u00e9claration de principe a \u00e9t\u00e9 sign\u00e9e entre le gouvernement congolais et les rebelles du M23, en vue de mettre fin aux combats dans l\u2019Est de la R\u00e9publique d\u00e9mocratique du Congo.<\/p>\n<p>Cette signature marque une \u00e9tape importante dans le processus de paix engag\u00e9 pour stabiliser la r\u00e9gion du Kivu, o\u00f9 les violences se poursuivent depuis plus d\u2019une d\u00e9cennie.<\/p>\n<p>Le dialogue avait \u00e9t\u00e9 relanc\u00e9 en mars, avec une rencontre in\u00e9dite entre les pr\u00e9sidents Tshisekedi et Kagame, sous m\u00e9diation am\u00e9ricaine et qatarie. En juin, un accord de paix avait \u00e9t\u00e9 sign\u00e9 \u00e0 Washington entre Kinshasa et Kigali.<\/p>\n<p>Mais cet accord avait \u00e9t\u00e9 critiqu\u00e9 par le M23, qui r\u00e9clamait la reprise des discussions pour r\u00e9gler certains points encore en suspens.<\/p>\n<p>La d\u00e9claration sign\u00e9e ce week-end pourrait poser les bases d\u2019un cessez-le-feu durable, m\u00eame si les d\u00e9tails n\u2019ont pas \u00e9t\u00e9 rendus publics. Mais l\u2019occupation de plusieurs localit\u00e9s de l\u2019Est par les rebelles reste un sujet de tension. Pour beaucoup, le chemin vers une paix durable reste encore long.<br \/>\nhttps:\/\/www.msn.com\/fr-xl\/actualite\/other\/kinshasa-et-le-m23-s-accordent-sur-une-d%C3%A9claration-%C3%A0-doha\/ar-AA1ITVpK?ocid=msedgntp&#038;pc=U531&#038;cvid=da75627ba48748ec96739019a2e65bb3&#038;ei=29<\/p>\n","protected":false},"excerpt":{"rendered":"<p>Une d\u00e9claration de principe a \u00e9t\u00e9 sign\u00e9e \u00e0 Doha entre le gouvernement congolais et les rebelles du M23 pour la cessation des hostilit\u00e9s dans l&#8217;est. Ce samedi, \u00e0 Doha, une d\u00e9claration de principe a \u00e9t\u00e9 sign\u00e9e entre le gouvernement congolais et les rebelles du M23, en vue de mettre fin aux combats dans l\u2019Est de &hellip;<\/p>\n","protected":false},"author":2,"featured_media":16989,"comment_status":"open","ping_status":"open","sticky":false,"template":"","format":"standard","meta":{"footnotes":""},"categories":[18,29],"tags":[],"class_list":["post-16988","post","type-post","status-publish","format-standard","has-post-thumbnail","hentry","category-actualites","category-monde"],"_links":{"self":[{"href":"https:\/\/ladepeche.mr\/index.php?rest_route=\/wp\/v2\/posts\/16988","targetHints":{"allow":["GET"]}}],"collection":[{"href":"https:\/\/ladepeche.mr\/index.php?rest_route=\/wp\/v2\/posts"}],"about":[{"href":"https:\/\/ladepeche.mr\/index.php?rest_route=\/wp\/v2\/types\/post"}],"author":[{"embeddable":true,"href":"https:\/\/ladepeche.mr\/index.php?rest_route=\/wp\/v2\/users\/2"}],"replies":[{"embeddable":true,"href":"https:\/\/ladepeche.mr\/index.php?rest_route=%2Fwp%2Fv2%2Fcomments&post=16988"}],"version-history":[{"count":1,"href":"https:\/\/ladepeche.mr\/index.php?rest_route=\/wp\/v2\/posts\/16988\/revisions"}],"predecessor-version":[{"id":16990,"href":"https:\/\/ladepeche.mr\/index.php?rest_route=\/wp\/v2\/posts\/16988\/revisions\/16990"}],"wp:featuredmedia":[{"embeddable":true,"href":"https:\/\/ladepeche.mr\/index.php?rest_route=\/wp\/v2\/media\/16989"}],"wp:attachment":[{"href":"https:\/\/ladepeche.mr\/index.php?rest_route=%2Fwp%2Fv2%2Fmedia&parent=16988"}],"wp:term":[{"taxonomy":"category","embeddable":true,"href":"https:\/\/ladepeche.mr\/index.php?rest_route=%2Fwp%2Fv2%2Fcategories&post=16988"},{"taxonomy":"post_tag","embeddable":true,"href":"https:\/\/ladepeche.mr\/index.php?rest_route=%2Fwp%2Fv2%2Ftags&post=16988"}],"curies":[{"name":"wp","href":"https:\/\/api.w.org\/{rel}","templated":true}]}}