{"id":16994,"date":"2025-07-19T15:40:15","date_gmt":"2025-07-19T15:40:15","guid":{"rendered":"https:\/\/ladepeche.mr\/?p=16994"},"modified":"2025-07-19T15:41:20","modified_gmt":"2025-07-19T15:41:20","slug":"election-de-sidi-ould-tah-a-la-tete-de-la-bad-le-temps-de-savourer-la-victoire-en-equipe","status":"publish","type":"post","link":"https:\/\/ladepeche.mr\/?p=16994","title":{"rendered":"Election de Sidi Ould Tah \u00e0 la t\u00eate de la BAD : Le temps de savourer la victoire en \u00e9quipe"},"content":{"rendered":"<p>M\u00eame s\u2019il en a manqu\u00e9 certains, qui ont apport\u00e9 un soutien inestimable au succ\u00e8s retentissant de notre compatriote aux commandes de la pr\u00e9sidence du Groupe de la BAD, vendredi soir, Bab Al Bahr, \u00e0 Nouakchott, \u00e9tait au rendez-vous d\u2019une rencontre joviale du staff de campagne pour l\u2019\u00e9lection de Sidi Ould Tah \u00e0 la Bad. Un meeting pour appr\u00e9cier, avec le recul, le chemin parcouru jusqu\u2019\u00e0 la ligne finale de la course et les efforts consentis pour y arriver.<br \/>\nSur l\u2019estrade d\u00e9j\u00e0 bond\u00e9e de musiciens s\u2019alternent des intervenants qui pour exprimer sa reconnaissance, qui pour manifester sa joie du sentiment d\u2019une mission accomplie. Mais tous \u00e0 commencer par le coordinateur de la campagne de candidature de Sidi \u00e0 la Bad, le ministre des finances, Sid\u2019Ahmed Ould Bouh, l\u2019heureux \u00e9lu lui-m\u00eame, et bien d\u2019autres encore sont d\u2019accords pour dire que n\u2019eut \u00e9t\u00e9 l\u2019engagement personnel du pr\u00e9sident et sa notori\u00e9t\u00e9 parmi ses pairs africains, cette victoire n\u2019aurait, sans doute, pas eu lieu. Une occasion pour la commission de campagne, que pr\u00e9side le premier ministre Mokhtar Ould Djaye, de savourer un franc succ\u00e8s de notre diplomatie, emmen\u00e9e par le tr\u00e8s discret mais non moins efficace, MAECME, Mohamed Salem Ould Merzough. Une victoire obtenue presque \u00e9crasante pour les adversaires du candidat mauritanien qui remplace \u00e0 ce poste Adesina, d\u00e8s le 1er septembre prochain. <\/p>\n<p>Le pr\u00e9sident de la R\u00e9publique n\u2019a pas pourtant voulu s\u2019arroger, seul, le succ\u00e8s \u00e9clatant de cette \u00e9lection. Loin s\u2019en faut. Dans sa tradition d\u2019humilit\u00e9, le pr\u00e9sident avait lui-m\u00eame convi\u00e9 les membres de la direction de la campagne du candidat mauritanien \u00e9lu \u00e0 la pr\u00e9sidence du Groupe de la Banque africaine de d\u00e9veloppement, pour leur exprimer ses remerciements et sa satisfaction pour les r\u00e9sultats qui honorent le pays, pour leur contribution \u00e0 sa cons\u00e9cration diplomatique et \u00e9conomique, preuve s\u2019il en \u00e9tait encore de son aura sur la sc\u00e8ne continentale et internationale et de la cr\u00e9dibilit\u00e9 de son candidat. Le tempo de satisf\u00e9cit partag\u00e9 \u00e9tait donc donn\u00e9 \u00e0 la pr\u00e9sidence pour marquer la soir\u00e9e de Bab Al Bahr.<br \/>\nL\u00e0 aussi, le coordinateur de la campagne et le d\u00e9sormais pr\u00e9sident du Groupe de la BAD, Sidi Ould Tah, ont veill\u00e9 au grain. R\u00e9sultat une belle brochette d\u2019anciens ministres des finances et du d\u00e9veloppement dans notre pays. Des repr\u00e9sentants du corps diplomatique. Le menu gratin des secteurs public et priv\u00e9. En somme, la cr\u00e8me de la finance du pays. Un moment de communion ponctu\u00e9 par des pr\u00e9sents offerts par la direction de campagne \u00e0 quatre membres de la campagne ext\u00e9rieur du candidat qui ont rabattu un travail \u00e9norme de lobbying et de communication pour le succ\u00e8s du pr\u00e9sident Sidi. Il faut bien reconnaitre que le cr\u00e9dit du candidat, Sidi Ould Tah, qui prendra ses quartiers au si\u00e8ge de la BAD, le 1er septembre 2025, leur a rendu la mission plus ais\u00e9e. Ancien MAED (2008-2015) et DG de la BADEA (2015-2025), Sidi Ould Tah  avait beaucoup d\u2019atouts en main. Mais l\u2019homme sait rester humble et reconnaissant. C\u2019\u00e9tait le maitre-mot de son spech quand il a remerci\u00e9 tous ceux qui ont apport\u00e9 une pierre \u00e0 l\u2019\u00e9difice. Mais il a voulu surtout t\u00e9moigner sa reconnaissance au pr\u00e9sident Ghazouani pour la confiance et le soutien ind\u00e9fectibles \u00e0 l\u2019origine de son sa victoire le 29 mai 2025, \u00e0 Abidjan, \u00e0 l\u2019issue de l\u2019assembl\u00e9e g\u00e9n\u00e9rale du Groupe de la Bad. <\/p>\n","protected":false},"excerpt":{"rendered":"<p>M\u00eame s\u2019il en a manqu\u00e9 certains, qui ont apport\u00e9 un soutien inestimable au succ\u00e8s retentissant de notre compatriote aux commandes de la pr\u00e9sidence du Groupe de la BAD, vendredi soir, Bab Al Bahr, \u00e0 Nouakchott, \u00e9tait au rendez-vous d\u2019une rencontre joviale du staff de campagne pour l\u2019\u00e9lection de Sidi Ould Tah \u00e0 la Bad. Un &hellip;<\/p>\n","protected":false},"author":2,"featured_media":16996,"comment_status":"open","ping_status":"open","sticky":false,"template":"","format":"standard","meta":{"footnotes":""},"categories":[18,2],"tags":[],"class_list":["post-16994","post","type-post","status-publish","format-standard","has-post-thumbnail","hentry","category-actualites","category-economie"],"_links":{"self":[{"href":"https:\/\/ladepeche.mr\/index.php?rest_route=\/wp\/v2\/posts\/16994","targetHints":{"allow":["GET"]}}],"collection":[{"href":"https:\/\/ladepeche.mr\/index.php?rest_route=\/wp\/v2\/posts"}],"about":[{"href":"https:\/\/ladepeche.mr\/index.php?rest_route=\/wp\/v2\/types\/post"}],"author":[{"embeddable":true,"href":"https:\/\/ladepeche.mr\/index.php?rest_route=\/wp\/v2\/users\/2"}],"replies":[{"embeddable":true,"href":"https:\/\/ladepeche.mr\/index.php?rest_route=%2Fwp%2Fv2%2Fcomments&post=16994"}],"version-history":[{"count":4,"href":"https:\/\/ladepeche.mr\/index.php?rest_route=\/wp\/v2\/posts\/16994\/revisions"}],"predecessor-version":[{"id":17000,"href":"https:\/\/ladepeche.mr\/index.php?rest_route=\/wp\/v2\/posts\/16994\/revisions\/17000"}],"wp:featuredmedia":[{"embeddable":true,"href":"https:\/\/ladepeche.mr\/index.php?rest_route=\/wp\/v2\/media\/16996"}],"wp:attachment":[{"href":"https:\/\/ladepeche.mr\/index.php?rest_route=%2Fwp%2Fv2%2Fmedia&parent=16994"}],"wp:term":[{"taxonomy":"category","embeddable":true,"href":"https:\/\/ladepeche.mr\/index.php?rest_route=%2Fwp%2Fv2%2Fcategories&post=16994"},{"taxonomy":"post_tag","embeddable":true,"href":"https:\/\/ladepeche.mr\/index.php?rest_route=%2Fwp%2Fv2%2Ftags&post=16994"}],"curies":[{"name":"wp","href":"https:\/\/api.w.org\/{rel}","templated":true}]}}