{"id":17012,"date":"2025-07-19T22:30:59","date_gmt":"2025-07-19T22:30:59","guid":{"rendered":"https:\/\/ladepeche.mr\/?p=17012"},"modified":"2025-07-19T22:30:59","modified_gmt":"2025-07-19T22:30:59","slug":"la-cpi-rejette-la-demande-disrael-dannuler-les-mandats-darret-contre-netanyahu-et-gallant","status":"publish","type":"post","link":"https:\/\/ladepeche.mr\/?p=17012","title":{"rendered":"La CPI rejette la demande d\u2019Isra\u00ebl d\u2019annuler les mandats d\u2019arr\u00eat contre Netanyahu et Gallant"},"content":{"rendered":"<p>La Cour p\u00e9nale internationale (CPI) a rejet\u00e9, le mercredi 16 juillet, la requ\u00eate d\u2019Isra\u00ebl visant \u00e0 annuler les mandats d\u2019arr\u00eat \u00e9mis contre le Premier ministre isra\u00e9lien Benjamin Netanyahu et l\u2019ancien ministre de la guerre Yoav Gallant, ainsi qu\u2019\u00e0 suspendre l\u2019enqu\u00eate en cours sur les crimes de guerre commis dans les territoires palestiniens occup\u00e9s.<\/p>\n<p>Dans sa d\u00e9cision, la Chambre pr\u00e9liminaire I de la CPI a rejet\u00e9 la double demande d\u2019Isra\u00ebl d\u00e9pos\u00e9e le 9 mai 2025 : l\u2019une visant le retrait, l\u2019annulation ou la nullit\u00e9 des mandats d\u2019arr\u00eat contre Netanyahu et Gallant, l\u2019autre sollicitant la suspension de l\u2019enqu\u00eate du procureur sur la situation en Palestine, rapporte l\u2019agence Anadolu.<\/p>\n<p>La Cour a \u00e9cart\u00e9 l\u2019argument isra\u00e9lien selon lequel la CPI ne disposerait pas de juridiction sur les crimes commis dans les territoires palestiniens, confirmant ses d\u00e9cisions ant\u00e9rieures.<\/p>\n<p>Elle a pr\u00e9cis\u00e9 que la d\u00e9cision de la Chambre d\u2019appel du 24 avril 2025 ne saurait \u00eatre interpr\u00e9t\u00e9e comme une atteinte \u00e0 la comp\u00e9tence de la Cour.<\/p>\n<p>Selon la d\u00e9cision, \u00ab\u202fla suspension de l\u2019enqu\u00eate n\u2019est applicable que lorsqu\u2019un \u00c9tat conteste la recevabilit\u00e9 d\u2019une affaire\u202f\u00bb, conform\u00e9ment \u00e0 l\u2019article 19, paragraphe 7, du Statut de Rome.<\/p>\n<p>Les juges ont not\u00e9 qu\u2019Isra\u00ebl n\u2019avait pas d\u00e9pos\u00e9 un tel recours contestant la recevabilit\u00e9.<\/p>\n<p>La chambre a \u00e9galement rejet\u00e9 la demande d\u2019Isra\u00ebl visant \u00e0 priver la Palestine de la possibilit\u00e9 de pr\u00e9senter ses observations, estimant que la Cour disposait d\u00e9j\u00e0 d\u2019informations suffisantes et le dossier ne n\u00e9cessitait pas de nouveaux \u00e9l\u00e9ments.<\/p>\n<p>La CPI avait statu\u00e9 le 5 f\u00e9vrier 2021 que la Palestine est un \u00c9tat partie au Statut de Rome et que la comp\u00e9tence de la Cour s\u2019\u00e9tend \u00e0 Gaza et \u00e0 la Cisjordanie, y compris l\u2019est d\u2019AlQods occup\u00e9e.<\/p>\n<p>Le Bureau du Procureur de la CPI a officiellement ouvert une enqu\u00eate sur la situation en Palestine le 3 mars 2021.<\/p>\n<p>\u2018Isra\u00ebl\u2019 avait contest\u00e9 la comp\u00e9tence de la Cour sur la base de l\u2019article 19, paragraphe 2, du Statut de Rome, le 23 septembre 2024.<\/p>\n<p>La Chambre pr\u00e9liminaire de la CPI avait \u00e9mis les mandats d\u2019arr\u00eat contre Netanyahu et Gallant le 21 novembre 2024, invoquant des crimes de guerre et des crimes contre l\u2019humanit\u00e9 pr\u00e9sum\u00e9s.<\/p>\n<p>Le 24 avril 2025, la Chambre d\u2019appel de la CPI a annul\u00e9 une d\u00e9cision ant\u00e9rieure qui avait rejet\u00e9 la contestation d\u2019Isra\u00ebl comme pr\u00e9matur\u00e9e, renvoyant l\u2019affaire \u00e0 la Chambre pr\u00e9liminaire pour une d\u00e9cision de fond.<\/p>\n<p>Rappelons que pr\u00e8s de 57.000 Palestiniens, dont une majorit\u00e9 de femmes et d\u2019enfants, sont tomb\u00e9s en martyre depuis le d\u00e9but de la guerre g\u00e9nocidaire isra\u00e9lienne contre Gaza, le 7 octobre 2023.<br \/>\nhttps:\/\/french.almanar.com.lb\/3342341<\/p>\n","protected":false},"excerpt":{"rendered":"<p>La Cour p\u00e9nale internationale (CPI) a rejet\u00e9, le mercredi 16 juillet, la requ\u00eate d\u2019Isra\u00ebl visant \u00e0 annuler les mandats d\u2019arr\u00eat \u00e9mis contre le Premier ministre isra\u00e9lien Benjamin Netanyahu et l\u2019ancien ministre de la guerre Yoav Gallant, ainsi qu\u2019\u00e0 suspendre l\u2019enqu\u00eate en cours sur les crimes de guerre commis dans les territoires palestiniens occup\u00e9s. Dans sa &hellip;<\/p>\n","protected":false},"author":2,"featured_media":17013,"comment_status":"open","ping_status":"open","sticky":false,"template":"","format":"standard","meta":{"footnotes":""},"categories":[18,29],"tags":[],"class_list":["post-17012","post","type-post","status-publish","format-standard","has-post-thumbnail","hentry","category-actualites","category-monde"],"_links":{"self":[{"href":"https:\/\/ladepeche.mr\/index.php?rest_route=\/wp\/v2\/posts\/17012","targetHints":{"allow":["GET"]}}],"collection":[{"href":"https:\/\/ladepeche.mr\/index.php?rest_route=\/wp\/v2\/posts"}],"about":[{"href":"https:\/\/ladepeche.mr\/index.php?rest_route=\/wp\/v2\/types\/post"}],"author":[{"embeddable":true,"href":"https:\/\/ladepeche.mr\/index.php?rest_route=\/wp\/v2\/users\/2"}],"replies":[{"embeddable":true,"href":"https:\/\/ladepeche.mr\/index.php?rest_route=%2Fwp%2Fv2%2Fcomments&post=17012"}],"version-history":[{"count":1,"href":"https:\/\/ladepeche.mr\/index.php?rest_route=\/wp\/v2\/posts\/17012\/revisions"}],"predecessor-version":[{"id":17014,"href":"https:\/\/ladepeche.mr\/index.php?rest_route=\/wp\/v2\/posts\/17012\/revisions\/17014"}],"wp:featuredmedia":[{"embeddable":true,"href":"https:\/\/ladepeche.mr\/index.php?rest_route=\/wp\/v2\/media\/17013"}],"wp:attachment":[{"href":"https:\/\/ladepeche.mr\/index.php?rest_route=%2Fwp%2Fv2%2Fmedia&parent=17012"}],"wp:term":[{"taxonomy":"category","embeddable":true,"href":"https:\/\/ladepeche.mr\/index.php?rest_route=%2Fwp%2Fv2%2Fcategories&post=17012"},{"taxonomy":"post_tag","embeddable":true,"href":"https:\/\/ladepeche.mr\/index.php?rest_route=%2Fwp%2Fv2%2Ftags&post=17012"}],"curies":[{"name":"wp","href":"https:\/\/api.w.org\/{rel}","templated":true}]}}