{"id":17015,"date":"2025-07-20T13:42:38","date_gmt":"2025-07-20T13:42:38","guid":{"rendered":"https:\/\/ladepeche.mr\/?p=17015"},"modified":"2025-07-20T13:42:38","modified_gmt":"2025-07-20T13:42:38","slug":"syrie-retour-au-calme-apres-des-affrontements-meurtriers-a-soueida","status":"publish","type":"post","link":"https:\/\/ladepeche.mr\/?p=17015","title":{"rendered":"Syrie : retour au calme apr\u00e8s des affrontements meurtriers \u00e0 Soueida"},"content":{"rendered":"<p>Apr\u00e8s plus d&#8217;une semaine d&#8217;affrontements sanglants entre communaut\u00e9s druze et b\u00e9douine, un cessez-le-feu a \u00e9t\u00e9 instaur\u00e9 dans la province de Soueida, au sud de la Syrie.<\/p>\n<p>Le calme semble \u00eatre revenu dans la province de Soueida, dans le sud de la Syrie, apr\u00e8s plusieurs jours d\u2019affrontements sanglants entre groupes druzes et b\u00e9douins sunnites.<\/p>\n<p>Selon les autorit\u00e9s syriennes, les combats ont cess\u00e9 dimanche, marquant une \u00e9tape dans les efforts de stabilisation d\u2019une r\u00e9gion en proie \u00e0 de vives tensions communautaires.<\/p>\n<p>Les violences, d\u00e9clench\u00e9es le 13 juillet, ont fait au moins 940 morts, selon les chiffres de l\u2019Observatoire syrien des droits de l\u2019homme (OSDH). Ces heurts violents, parmi les plus meurtriers de ces derniers mois dans la r\u00e9gion, ont raviv\u00e9 les divisions entre communaut\u00e9s tribales du sud syrien.<\/p>\n<p>Face \u00e0 cette escalade, le pouvoir syrien a annonc\u00e9 samedi un cessez-le-feu dans toute la province et a entam\u00e9 un red\u00e9ploiement progressif de ses forces pour r\u00e9tablir la paix et l&#8217;ordre.<\/p>\n<p><strong>Le pr\u00e9sident par int\u00e9rim appelle \u00e0 la r\u00e9conciliation<\/strong><\/p>\n<p>Dans une d\u00e9claration officielle, le pr\u00e9sident par int\u00e9rim Ahmad Al-Sharaa a r\u00e9affirm\u00e9 l\u2019engagement de l\u2019\u00c9tat en faveur de la stabilit\u00e9 nationale :<\/p>\n<p>&#8220;Il est essentiel de s&#8217;opposer avec fermet\u00e9 \u00e0 tous ceux qui tentent d&#8217;attiser les tensions tribales, d&#8217;exacerber les divisions ou de propager un discours de vengeance. L&#8217;\u00c9tat syrien, fid\u00e8le \u00e0 ses responsabilit\u00e9s nationales, mettra pleinement ses moyens et ses ressources au service de toute initiative favorisant la r\u00e9conciliation, conform\u00e9ment \u00e0 son engagement en faveur de la paix civile, de la coh\u00e9sion sociale et de la stabilit\u00e9 du pays&#8221; explique Ahmad Al-Sharaa, pr\u00e9sident par int\u00e9rim de la Syrie<\/p>\n<p>Les troupes syriennes avaient \u00e9t\u00e9 d\u00e9ploy\u00e9es d\u00e8s mardi dans Soueida, mais ont \u00e9t\u00e9 retir\u00e9es temporairement \u00e0 la suite de frappes isra\u00e9liennes ayant vis\u00e9 plusieurs cibles du r\u00e9gime \u00e0 Damas. Isra\u00ebl a d\u00e9clar\u00e9 vouloir prot\u00e9ger la communaut\u00e9 druze, qu\u2019elle consid\u00e8re comme menac\u00e9e, et a exprim\u00e9 sa pr\u00e9occupation face \u00e0 la pr\u00e9sence de forces gouvernementales syriennes \u00e0 proximit\u00e9 de sa fronti\u00e8re.<br \/>\nhttps:\/\/www.msn.com\/fr-xl\/actualite\/other\/syrie-retour-au-calme-apr%C3%A8s-des-affrontements-meurtriers-%C3%A0-soueida\/ar-AA1IVJuO?ocid=msedgntp&#038;pc=U531&#038;cvid=6c6da682c5e74d7abe180392dc449d2d&#038;ei=26<\/p>\n","protected":false},"excerpt":{"rendered":"<p>Apr\u00e8s plus d&#8217;une semaine d&#8217;affrontements sanglants entre communaut\u00e9s druze et b\u00e9douine, un cessez-le-feu a \u00e9t\u00e9 instaur\u00e9 dans la province de Soueida, au sud de la Syrie. Le calme semble \u00eatre revenu dans la province de Soueida, dans le sud de la Syrie, apr\u00e8s plusieurs jours d\u2019affrontements sanglants entre groupes druzes et b\u00e9douins sunnites. Selon les &hellip;<\/p>\n","protected":false},"author":2,"featured_media":17016,"comment_status":"open","ping_status":"open","sticky":false,"template":"","format":"standard","meta":{"footnotes":""},"categories":[18,29],"tags":[],"class_list":["post-17015","post","type-post","status-publish","format-standard","has-post-thumbnail","hentry","category-actualites","category-monde"],"_links":{"self":[{"href":"https:\/\/ladepeche.mr\/index.php?rest_route=\/wp\/v2\/posts\/17015","targetHints":{"allow":["GET"]}}],"collection":[{"href":"https:\/\/ladepeche.mr\/index.php?rest_route=\/wp\/v2\/posts"}],"about":[{"href":"https:\/\/ladepeche.mr\/index.php?rest_route=\/wp\/v2\/types\/post"}],"author":[{"embeddable":true,"href":"https:\/\/ladepeche.mr\/index.php?rest_route=\/wp\/v2\/users\/2"}],"replies":[{"embeddable":true,"href":"https:\/\/ladepeche.mr\/index.php?rest_route=%2Fwp%2Fv2%2Fcomments&post=17015"}],"version-history":[{"count":1,"href":"https:\/\/ladepeche.mr\/index.php?rest_route=\/wp\/v2\/posts\/17015\/revisions"}],"predecessor-version":[{"id":17017,"href":"https:\/\/ladepeche.mr\/index.php?rest_route=\/wp\/v2\/posts\/17015\/revisions\/17017"}],"wp:featuredmedia":[{"embeddable":true,"href":"https:\/\/ladepeche.mr\/index.php?rest_route=\/wp\/v2\/media\/17016"}],"wp:attachment":[{"href":"https:\/\/ladepeche.mr\/index.php?rest_route=%2Fwp%2Fv2%2Fmedia&parent=17015"}],"wp:term":[{"taxonomy":"category","embeddable":true,"href":"https:\/\/ladepeche.mr\/index.php?rest_route=%2Fwp%2Fv2%2Fcategories&post=17015"},{"taxonomy":"post_tag","embeddable":true,"href":"https:\/\/ladepeche.mr\/index.php?rest_route=%2Fwp%2Fv2%2Ftags&post=17015"}],"curies":[{"name":"wp","href":"https:\/\/api.w.org\/{rel}","templated":true}]}}