{"id":17021,"date":"2025-07-20T15:42:28","date_gmt":"2025-07-20T15:42:28","guid":{"rendered":"https:\/\/ladepeche.mr\/?p=17021"},"modified":"2025-07-20T15:42:28","modified_gmt":"2025-07-20T15:42:28","slug":"tourisme-en-adrar-une-eviction-sur-whatsapp-de-ould-jiyid-provoque-un-tolle-parmi-les-professionnels","status":"publish","type":"post","link":"https:\/\/ladepeche.mr\/?p=17021","title":{"rendered":"Tourisme en Adrar : une \u00e9viction sur WhatsApp de Ould Jiyid provoque un toll\u00e9 parmi les professionnels"},"content":{"rendered":"<p>Une vive pol\u00e9mique secoue actuellement le secteur du tourisme en Adrar, \u00e0 la suite d\u2019un incident survenu sur un groupe WhatsApp r\u00e9unissant des aubergistes op\u00e9rant dans la r\u00e9gion. Mahfoudh Ould Jiyid, directeur g\u00e9n\u00e9ral de l\u2019Office national du tourisme, y aurait \u00e9t\u00e9 exclu par un administrateur du groupe, en l\u2019occurrence S\u00e9bastien Bouhot, g\u00e9rant de l\u2019auberge Triskell, suite \u00e0 une intervention qu&#8217;il avait jug\u00e9e &#8220;hors sujet&#8221;.<br \/>\nL\u2019\u00e9viction de Ould Jiyid surviendrait \u00e0 la suite d\u2019un d\u00e9bat anim\u00e9 autour de la gestion des visas pour les touristes, dans le contexte de la strat\u00e9gie gouvernementale de promotion du tourisme dans le pays. L\u2019incident a provoqu\u00e9 la col\u00e8re de plusieurs membres, qui ont d\u00e9cid\u00e9 de quitter le groupe en signe de protestation. Une question centrale pour le tourisme ext\u00e9rieur qui contribue \u00e0 faire vivre les populations locales.<br \/>\nFace \u00e0 la mont\u00e9e des tensions, S. Bouhot aurait \u00e9t\u00e9 contraint de pr\u00e9senter des excuses officielles, sous la pression des autres participants et par crainte de repr\u00e9sailles institutionnelles pr\u00e9sentant son geste comme &#8220;malencontreux&#8221;. Une attitude destin\u00e9e \u00e0 apaiser les esprits, m\u00eame si l\u2019\u00e9pisode a r\u00e9v\u00e9l\u00e9 une certaine fragilit\u00e9 dans la coordination entre les acteurs publics et priv\u00e9s du secteur.<\/p>\n<p><strong>Nouvelle strat\u00e9gie ambitieuse mais controvers\u00e9e<\/strong><br \/>\nCet incident intervient alors que le minist\u00e8re du Tourisme vient tout juste de lancer une nouvelle strat\u00e9gie centr\u00e9e sur la promotion du tourisme int\u00e9rieur. Jeudi \u00e0 Atar, la ministre Zeinebou mint Ahmednah a, en effet, donn\u00e9 le coup d\u2019envoi de la saison touristique locale, sous le slogan : \u00ab Ma patrie, ma destination \u00bb. Une initiative pr\u00e9sent\u00e9e comme un levier pour l\u2019essor du secteur et le d\u00e9veloppement \u00e9conomique du pays.<br \/>\nLa campagne co\u00efncide avec la saison de la Guetna (r\u00e9colte des dattes) en Adrar, et devrait s\u2019\u00e9tendre, dans l\u2019avenir, \u00e0 d&#8217;autres r\u00e9gions du pays en fonction des saisons : Laayoune pour ses produits laitiers, Nouadhibou pour les activit\u00e9s baln\u00e9aires, ou encore la vall\u00e9e pour sa richesse culturelle.<br \/>\nToutefois, certains observateurs s\u2019interrogent sur la capacit\u00e9 r\u00e9elle du pays \u00e0 accueillir un afflux de touristes, m\u00eame saisonnier, faute d\u2019infrastructures adapt\u00e9es et de services suffisants. Si l\u2019intention est louable, sa mise en \u0153uvre n\u00e9cessitera certainement des moyens \u00e0 la hauteur des ambitions affich\u00e9es.<\/p>\n","protected":false},"excerpt":{"rendered":"<p>Une vive pol\u00e9mique secoue actuellement le secteur du tourisme en Adrar, \u00e0 la suite d\u2019un incident survenu sur un groupe WhatsApp r\u00e9unissant des aubergistes op\u00e9rant dans la r\u00e9gion. Mahfoudh Ould Jiyid, directeur g\u00e9n\u00e9ral de l\u2019Office national du tourisme, y aurait \u00e9t\u00e9 exclu par un administrateur du groupe, en l\u2019occurrence S\u00e9bastien Bouhot, g\u00e9rant de l\u2019auberge Triskell, &hellip;<\/p>\n","protected":false},"author":2,"featured_media":17022,"comment_status":"open","ping_status":"open","sticky":false,"template":"","format":"standard","meta":{"footnotes":""},"categories":[18,2],"tags":[],"class_list":["post-17021","post","type-post","status-publish","format-standard","has-post-thumbnail","hentry","category-actualites","category-economie"],"_links":{"self":[{"href":"https:\/\/ladepeche.mr\/index.php?rest_route=\/wp\/v2\/posts\/17021","targetHints":{"allow":["GET"]}}],"collection":[{"href":"https:\/\/ladepeche.mr\/index.php?rest_route=\/wp\/v2\/posts"}],"about":[{"href":"https:\/\/ladepeche.mr\/index.php?rest_route=\/wp\/v2\/types\/post"}],"author":[{"embeddable":true,"href":"https:\/\/ladepeche.mr\/index.php?rest_route=\/wp\/v2\/users\/2"}],"replies":[{"embeddable":true,"href":"https:\/\/ladepeche.mr\/index.php?rest_route=%2Fwp%2Fv2%2Fcomments&post=17021"}],"version-history":[{"count":1,"href":"https:\/\/ladepeche.mr\/index.php?rest_route=\/wp\/v2\/posts\/17021\/revisions"}],"predecessor-version":[{"id":17023,"href":"https:\/\/ladepeche.mr\/index.php?rest_route=\/wp\/v2\/posts\/17021\/revisions\/17023"}],"wp:featuredmedia":[{"embeddable":true,"href":"https:\/\/ladepeche.mr\/index.php?rest_route=\/wp\/v2\/media\/17022"}],"wp:attachment":[{"href":"https:\/\/ladepeche.mr\/index.php?rest_route=%2Fwp%2Fv2%2Fmedia&parent=17021"}],"wp:term":[{"taxonomy":"category","embeddable":true,"href":"https:\/\/ladepeche.mr\/index.php?rest_route=%2Fwp%2Fv2%2Fcategories&post=17021"},{"taxonomy":"post_tag","embeddable":true,"href":"https:\/\/ladepeche.mr\/index.php?rest_route=%2Fwp%2Fv2%2Ftags&post=17021"}],"curies":[{"name":"wp","href":"https:\/\/api.w.org\/{rel}","templated":true}]}}