{"id":17024,"date":"2025-07-20T21:51:05","date_gmt":"2025-07-20T21:51:05","guid":{"rendered":"https:\/\/ladepeche.mr\/?p=17024"},"modified":"2025-07-20T23:33:41","modified_gmt":"2025-07-20T23:33:41","slug":"diplomatie-mauritanienne-accords-dabraham-ou-groupe-de-la-haye-quel-camp-choisir","status":"publish","type":"post","link":"https:\/\/ladepeche.mr\/?p=17024","title":{"rendered":"Diplomatie mauritanienne: Accords d\u2019Abraham ou Groupe de La Haye, quel camp choisir ?"},"content":{"rendered":"<p>Alors que les lignes diplomatiques se redessinent \u00e0 l\u2019\u00e9chelle mondiale, notre pays semble pris entre deux feux : rejoindre les Accords d\u2019Abraham, initi\u00e9s par l\u2019administration Trump en 2020, ou se rapprocher du \u00ab Groupe de La Haye \u00bb, tout r\u00e9cemment cr\u00e9\u00e9 pour d\u00e9fendre un ordre international fond\u00e9 sur le droit.<br \/>\nIl convient d\u2019abord de rappeler que la soci\u00e9t\u00e9 mauritanienne, dans sa tr\u00e8s large majorit\u00e9, rejette toute id\u00e9e de normalisation des relations du pays avec l\u2019actuel gouvernement isra\u00e9lien. La multiplication des manifestations anti-isra\u00e9liennes dans le pays le traduit bien. Ce refus repose non seulement sur l&#8217;absence de perspectives de paix durable, mais aussi sur les violences largement document\u00e9es exerc\u00e9es contre les civils palestiniens. Un g\u00e9nocide \u00e9vident pour les mauritaniens et plus largement encore pour les opinions publiques mondiales. Les poursuites judiciaires de la CPI contre le premier Ministre isra\u00e9lien, B. Netanyahou (et Y. Gallant) sont encore une preuve des crimes fumants des extr\u00e9mistes juifs isra\u00e9liens.<br \/>\nCependant, Nouakchott entam\u00e9, au d\u00e9but du processus, et sous l\u2019influence des \u00c9mirats arabes unis des discussions en vue d&#8217;une \u00e9ventuelle adh\u00e9sion aux Accords d\u2019Abraham. La Mauritanie \u00e9tait ainsi invit\u00e9e \u00e0 prendre le train en marche d\u2019une initiative, lanc\u00e9e le 15 ao\u00fbt 2020, qui a vu la signature d\u2019un accord tripartite entre les \u00c9mirats, Bahre\u00efn et Isra\u00ebl, sous l\u2019\u00e9gide de Donald Trump. L\u2019objectif affich\u00e9 par les USA \u00e9tait de restructurer les alliances au Moyen-Orient, mais dans les faits, ces accords ont \u00e9t\u00e9 per\u00e7us \u2013avec le recul- par les pays arabo-musulmans comme un contournement du consensus arabe autour de la cause palestinienne et au d\u00e9triment du processus de paix issu des accords d\u2019Oslo.<br \/>\nPar ailleurs, une autre justification aux accords d\u2019Abraham serait l\u2019alliance de ces pays dans un front commun anti-Iran, alignant plusieurs monarchies du Golfe avec les int\u00e9r\u00eats strat\u00e9giques d\u2019Isra\u00ebl et des \u00c9tats-Unis. Dans le contexte actuel \u2013 marqu\u00e9 par les \u00e9v\u00e9nements du 7 octobre 2023 et la r\u00e9pression brutale qui s\u2019en est suivie \u00e0 Gaza \u2013 toute tentative de normalisation serait politiquement risqu\u00e9e pour le gouvernement mauritanien, face \u00e0 une opinion publique, dans son propre camp, profond\u00e9ment solidaire du peuple palestinien.<br \/>\nC\u2019est dans ce climat qu\u2019est intervenue une autre alternative : le Groupe de La Haye, fond\u00e9 en janvier 2025 en r\u00e9ponse au recul du multilat\u00e9ralisme et \u00e0 l\u2019affaiblissement du droit international. Rassemblant 32 \u00c9tats de toutes les r\u00e9gions du monde, ce groupe entend r\u00e9affirmer la primaut\u00e9 du droit face aux logiques de puissance. Pourtant, la Mauritanie ne s\u2019est pas encore positionn\u00e9e clairement sur son \u00e9ventuelle adh\u00e9sion, ni n\u2019a r\u00e9agi \u00e0 sa cr\u00e9ation.<br \/>\nLe dilemme pour le gouvernement reste donc entier: s\u2019arrimer \u00e0 une dynamique g\u00e9opolitique controvers\u00e9e, au risque de se mettre \u00e0 dos l\u2019opinion nationale ? Ou rejoindre une initiative internationale qui tente de remettre le droit au c\u0153ur des relations entre \u00c9tats, mais dont les \u00e9quilibres restent encore fragiles ? Le choix, en apparence corn\u00e9lien, pourrait \u00eatre moins complexe si la diplomatie mauritanienne \u00e9coutait les aspirations profondes des mauritaniens et ses propres convictions \u00e0 elle.<\/p>\n","protected":false},"excerpt":{"rendered":"<p>Alors que les lignes diplomatiques se redessinent \u00e0 l\u2019\u00e9chelle mondiale, notre pays semble pris entre deux feux : rejoindre les Accords d\u2019Abraham, initi\u00e9s par l\u2019administration Trump en 2020, ou se rapprocher du \u00ab Groupe de La Haye \u00bb, tout r\u00e9cemment cr\u00e9\u00e9 pour d\u00e9fendre un ordre international fond\u00e9 sur le droit. Il convient d\u2019abord de rappeler &hellip;<\/p>\n","protected":false},"author":2,"featured_media":17025,"comment_status":"open","ping_status":"open","sticky":false,"template":"","format":"standard","meta":{"footnotes":""},"categories":[18,29,31],"tags":[],"class_list":["post-17024","post","type-post","status-publish","format-standard","has-post-thumbnail","hentry","category-actualites","category-monde","category-politique-et-reportages"],"_links":{"self":[{"href":"https:\/\/ladepeche.mr\/index.php?rest_route=\/wp\/v2\/posts\/17024","targetHints":{"allow":["GET"]}}],"collection":[{"href":"https:\/\/ladepeche.mr\/index.php?rest_route=\/wp\/v2\/posts"}],"about":[{"href":"https:\/\/ladepeche.mr\/index.php?rest_route=\/wp\/v2\/types\/post"}],"author":[{"embeddable":true,"href":"https:\/\/ladepeche.mr\/index.php?rest_route=\/wp\/v2\/users\/2"}],"replies":[{"embeddable":true,"href":"https:\/\/ladepeche.mr\/index.php?rest_route=%2Fwp%2Fv2%2Fcomments&post=17024"}],"version-history":[{"count":4,"href":"https:\/\/ladepeche.mr\/index.php?rest_route=\/wp\/v2\/posts\/17024\/revisions"}],"predecessor-version":[{"id":17032,"href":"https:\/\/ladepeche.mr\/index.php?rest_route=\/wp\/v2\/posts\/17024\/revisions\/17032"}],"wp:featuredmedia":[{"embeddable":true,"href":"https:\/\/ladepeche.mr\/index.php?rest_route=\/wp\/v2\/media\/17025"}],"wp:attachment":[{"href":"https:\/\/ladepeche.mr\/index.php?rest_route=%2Fwp%2Fv2%2Fmedia&parent=17024"}],"wp:term":[{"taxonomy":"category","embeddable":true,"href":"https:\/\/ladepeche.mr\/index.php?rest_route=%2Fwp%2Fv2%2Fcategories&post=17024"},{"taxonomy":"post_tag","embeddable":true,"href":"https:\/\/ladepeche.mr\/index.php?rest_route=%2Fwp%2Fv2%2Ftags&post=17024"}],"curies":[{"name":"wp","href":"https:\/\/api.w.org\/{rel}","templated":true}]}}