{"id":17036,"date":"2025-07-21T17:48:11","date_gmt":"2025-07-21T17:48:11","guid":{"rendered":"https:\/\/ladepeche.mr\/?p=17036"},"modified":"2025-07-21T17:48:11","modified_gmt":"2025-07-21T17:48:11","slug":"warda-ahmed-sleiman-porte-plainte-contre-un-predicateur","status":"publish","type":"post","link":"https:\/\/ladepeche.mr\/?p=17036","title":{"rendered":"Warda Ahmed Sleiman porte plainte contre un pr\u00e9dicateur"},"content":{"rendered":"<p>La militante Warda Ahmed Sleiman, figure du mouvement abolitionniste IRA, a annonc\u00e9 ce lundi 21 juillet l\u2019incarc\u00e9ration du pr\u00e9dicateur Sidi Mohamed Mahmoud Salem, plus connu sous le nom de \u201cFqih Maliki\u201d. Ce dernier a \u00e9t\u00e9 plac\u00e9 en d\u00e9tention suite \u00e0 une plainte d\u00e9pos\u00e9e contre lui pour diffamation et atteinte \u00e0 la r\u00e9putation, une plainte introduite par Mme Mint Sleiman elle-m\u00eame.<br \/>\nL\u2019affaire fait suite \u00e0 des propos jug\u00e9s offensants que le pr\u00e9dicateur aurait tenus \u00e0 l\u2019encontre de la militante, de son \u00e9poux, de leur famille ainsi que du mouvement IRA. Face \u00e0 la pol\u00e9mique, le \u201cFqih Maliki\u201d avait tent\u00e9 d\u2019apaiser la situation en pr\u00e9sentant des excuses publiques \u00e0 Mme Mint Sleiman, \u00e0 son mari, \u00e0 sa famille et au mouvement, plaidant pour le retrait de la plainte.<\/p>\n<p>Sa d\u00e9marche n\u2019a visiblement pas suffi \u00e0 convaincre la partie plaignante.<\/p>\n<p>Depuis l\u2019annonce de l\u2019incarc\u00e9ration, l\u2019affaire continue de faire r\u00e9agir au sein de l\u2019opinion publique, alimentant le d\u00e9bat sur la responsabilit\u00e9 des pr\u00e9dicateurs et la libert\u00e9 d\u2019expression face aux principes de respect et de dignit\u00e9.<br \/>\nshems maarif<\/p>\n","protected":false},"excerpt":{"rendered":"<p>La militante Warda Ahmed Sleiman, figure du mouvement abolitionniste IRA, a annonc\u00e9 ce lundi 21 juillet l\u2019incarc\u00e9ration du pr\u00e9dicateur Sidi Mohamed Mahmoud Salem, plus connu sous le nom de \u201cFqih Maliki\u201d. Ce dernier a \u00e9t\u00e9 plac\u00e9 en d\u00e9tention suite \u00e0 une plainte d\u00e9pos\u00e9e contre lui pour diffamation et atteinte \u00e0 la r\u00e9putation, une plainte introduite &hellip;<\/p>\n","protected":false},"author":2,"featured_media":17037,"comment_status":"open","ping_status":"open","sticky":false,"template":"","format":"standard","meta":{"footnotes":""},"categories":[18],"tags":[],"class_list":["post-17036","post","type-post","status-publish","format-standard","has-post-thumbnail","hentry","category-actualites"],"_links":{"self":[{"href":"https:\/\/ladepeche.mr\/index.php?rest_route=\/wp\/v2\/posts\/17036","targetHints":{"allow":["GET"]}}],"collection":[{"href":"https:\/\/ladepeche.mr\/index.php?rest_route=\/wp\/v2\/posts"}],"about":[{"href":"https:\/\/ladepeche.mr\/index.php?rest_route=\/wp\/v2\/types\/post"}],"author":[{"embeddable":true,"href":"https:\/\/ladepeche.mr\/index.php?rest_route=\/wp\/v2\/users\/2"}],"replies":[{"embeddable":true,"href":"https:\/\/ladepeche.mr\/index.php?rest_route=%2Fwp%2Fv2%2Fcomments&post=17036"}],"version-history":[{"count":1,"href":"https:\/\/ladepeche.mr\/index.php?rest_route=\/wp\/v2\/posts\/17036\/revisions"}],"predecessor-version":[{"id":17038,"href":"https:\/\/ladepeche.mr\/index.php?rest_route=\/wp\/v2\/posts\/17036\/revisions\/17038"}],"wp:featuredmedia":[{"embeddable":true,"href":"https:\/\/ladepeche.mr\/index.php?rest_route=\/wp\/v2\/media\/17037"}],"wp:attachment":[{"href":"https:\/\/ladepeche.mr\/index.php?rest_route=%2Fwp%2Fv2%2Fmedia&parent=17036"}],"wp:term":[{"taxonomy":"category","embeddable":true,"href":"https:\/\/ladepeche.mr\/index.php?rest_route=%2Fwp%2Fv2%2Fcategories&post=17036"},{"taxonomy":"post_tag","embeddable":true,"href":"https:\/\/ladepeche.mr\/index.php?rest_route=%2Fwp%2Fv2%2Ftags&post=17036"}],"curies":[{"name":"wp","href":"https:\/\/api.w.org\/{rel}","templated":true}]}}