{"id":17039,"date":"2025-07-21T21:15:09","date_gmt":"2025-07-21T21:15:09","guid":{"rendered":"https:\/\/ladepeche.mr\/?p=17039"},"modified":"2025-07-21T21:15:09","modified_gmt":"2025-07-21T21:15:09","slug":"sahara-la-macedoine-du-nord-opte-pour-la-solution-proposee-par-le-maroc-declaration-conjointe","status":"publish","type":"post","link":"https:\/\/ladepeche.mr\/?p=17039","title":{"rendered":"Sahara : La Mac\u00e9doine du Nord opte pour la solution propos\u00e9e par le Maroc  (D\u00e9claration Conjointe)"},"content":{"rendered":"<p>La R\u00e9publique de Mac\u00e9doine du Nord &#8220;consid\u00e8re le Plan d\u2019Autonomie, pr\u00e9sent\u00e9 par le Royaume du Maroc en 2007, comme l\u2019unique base pour le r\u00e8glement de ce diff\u00e9rend&#8221;.<\/p>\n<p>Cette position a \u00e9t\u00e9 affirm\u00e9e dans une D\u00e9claration Conjointe, sign\u00e9e, lundi \u00e0 Skopje, par le ministre des Affaires \u00e9trang\u00e8res, de la Coop\u00e9ration africaine et des Marocains r\u00e9sidant \u00e0 l\u2019\u00e9tranger, Nasser Bourita, et le ministre des Affaires \u00e9trang\u00e8res et du Commerce ext\u00e9rieur de la R\u00e9publique de Mac\u00e9doine du Nord, Tim\u010do Mucunski, \u00e0 l\u2019issue de leur rencontre.<\/p>\n<p>Le ministre Mac\u00e9donien, M. Mucunski, a &#8220;r\u00e9affirm\u00e9 le soutien de longue date de son pays au processus men\u00e9 par les Nations Unies visant \u00e0 parvenir \u00e0 une solution politique juste, durable et mutuellement acceptable pour les parties&#8221;, lit-on dans cette D\u00e9claration conjointe.<\/p>\n<p>&#8220;Le Royaume du Maroc et la R\u00e9publique de Mac\u00e9doine du Nord ont r\u00e9it\u00e9r\u00e9 leur engagement en faveur du leadership des Nations Unies dans ce processus politique, et exprim\u00e9 leur soutien \u00e0 la R\u00e9solution 2756 du Conseil de S\u00e9curit\u00e9 de l&#8217;ONU (octobre 2024), qui a soulign\u00e9 le r\u00f4le et la responsabilit\u00e9 des parties dans la recherche d&#8217;une solution politique r\u00e9aliste, durable et fond\u00e9e sur le compromis&#8221;, souligne le document.<\/p>\n<p>Dans cette D\u00e9claration, les deux ministres ont \u00e9galement r\u00e9affirm\u00e9 le soutien du Maroc et de la Mac\u00e9doine du Nord &#8220;aux efforts de l&#8217;Envoy\u00e9 personnel du Secr\u00e9taire g\u00e9n\u00e9ral des Nations Unies ainsi qu&#8217;\u00e0 sa mission visant \u00e0 faire avancer le processus politique, conform\u00e9ment aux r\u00e9solutions pertinentes du Conseil de s\u00e9curit\u00e9 et aux principes de la Charte des Nations Unies&#8221;.<\/p>\n<p>Cette nouvelle position de la R\u00e9publique de Mac\u00e9doine du Nord s\u2019inscrit dans la dynamique internationale de soutien \u00e0 l\u2019initiative d\u2019autonomie pr\u00e9sent\u00e9e par le Maroc, dynamique men\u00e9e sous l\u2019impulsion de Sa Majest\u00e9 le Roi Mohammed VI et port\u00e9e par un consensus international de plus en plus fort.<br \/>\n(avec m\u00e9dias)<\/p>\n","protected":false},"excerpt":{"rendered":"<p>La R\u00e9publique de Mac\u00e9doine du Nord &#8220;consid\u00e8re le Plan d\u2019Autonomie, pr\u00e9sent\u00e9 par le Royaume du Maroc en 2007, comme l\u2019unique base pour le r\u00e8glement de ce diff\u00e9rend&#8221;. Cette position a \u00e9t\u00e9 affirm\u00e9e dans une D\u00e9claration Conjointe, sign\u00e9e, lundi \u00e0 Skopje, par le ministre des Affaires \u00e9trang\u00e8res, de la Coop\u00e9ration africaine et des Marocains r\u00e9sidant \u00e0 &hellip;<\/p>\n","protected":false},"author":2,"featured_media":17040,"comment_status":"open","ping_status":"open","sticky":false,"template":"","format":"standard","meta":{"footnotes":""},"categories":[18,29],"tags":[],"class_list":["post-17039","post","type-post","status-publish","format-standard","has-post-thumbnail","hentry","category-actualites","category-monde"],"_links":{"self":[{"href":"https:\/\/ladepeche.mr\/index.php?rest_route=\/wp\/v2\/posts\/17039","targetHints":{"allow":["GET"]}}],"collection":[{"href":"https:\/\/ladepeche.mr\/index.php?rest_route=\/wp\/v2\/posts"}],"about":[{"href":"https:\/\/ladepeche.mr\/index.php?rest_route=\/wp\/v2\/types\/post"}],"author":[{"embeddable":true,"href":"https:\/\/ladepeche.mr\/index.php?rest_route=\/wp\/v2\/users\/2"}],"replies":[{"embeddable":true,"href":"https:\/\/ladepeche.mr\/index.php?rest_route=%2Fwp%2Fv2%2Fcomments&post=17039"}],"version-history":[{"count":1,"href":"https:\/\/ladepeche.mr\/index.php?rest_route=\/wp\/v2\/posts\/17039\/revisions"}],"predecessor-version":[{"id":17041,"href":"https:\/\/ladepeche.mr\/index.php?rest_route=\/wp\/v2\/posts\/17039\/revisions\/17041"}],"wp:featuredmedia":[{"embeddable":true,"href":"https:\/\/ladepeche.mr\/index.php?rest_route=\/wp\/v2\/media\/17040"}],"wp:attachment":[{"href":"https:\/\/ladepeche.mr\/index.php?rest_route=%2Fwp%2Fv2%2Fmedia&parent=17039"}],"wp:term":[{"taxonomy":"category","embeddable":true,"href":"https:\/\/ladepeche.mr\/index.php?rest_route=%2Fwp%2Fv2%2Fcategories&post=17039"},{"taxonomy":"post_tag","embeddable":true,"href":"https:\/\/ladepeche.mr\/index.php?rest_route=%2Fwp%2Fv2%2Ftags&post=17039"}],"curies":[{"name":"wp","href":"https:\/\/api.w.org\/{rel}","templated":true}]}}