{"id":17049,"date":"2025-07-22T16:19:22","date_gmt":"2025-07-22T16:19:22","guid":{"rendered":"https:\/\/ladepeche.mr\/?p=17049"},"modified":"2025-07-22T16:19:22","modified_gmt":"2025-07-22T16:19:22","slug":"la-mauritanie-et-le-tchad-lancent-le-projet-regional-relance-sahel-pour-leducation-des-jeunes-marginalises","status":"publish","type":"post","link":"https:\/\/ladepeche.mr\/?p=17049","title":{"rendered":"La Mauritanie et le Tchad lancent le projet r\u00e9gional \u201cRelance Sahel\u201d pour l\u2019\u00e9ducation des jeunes marginalis\u00e9s"},"content":{"rendered":"<p>La Mauritanie et le Tchad ont officiellement lanc\u00e9 ce mardi \u00e0 Nouakchott le projet r\u00e9gional \u00abRelancel du Sahel \u00bb, une initiative destin\u00e9e \u00e0 renforcer l\u2019acc\u00e8s \u00e0 l\u2019\u00e9ducation des jeunes marginalis\u00e9s, notamment dans les zones rurales et d\u00e9favoris\u00e9es. Ce programme s\u2019inscrit dans une dynamique r\u00e9gionale soutenue par la Banque mondiale et l\u2019Allemagne.<br \/>\nLe projet, financ\u00e9 \u00e0 hauteur de 137 millions de dollars am\u00e9ricains, b\u00e9n\u00e9ficie \u00e0 la Mauritanie pour 72,32 millions de dollars, incluant un pr\u00eat concessionnel de 44 millions de dollars de l\u2019Association internationale de d\u00e9veloppement (IDA) et une subvention allemande de 12,9 millions de dollars. L\u2019Allemagne, par le biais de sa coop\u00e9ration bilat\u00e9rale, apporte un appui de plus de 56 millions de dollars pour l\u2019ensemble du projet qui repose sur 3 piliers \u00e0 savoir l\u2019m\u00e9liorer la gouvernance \u00e9ducative, l\u2019\u00e9largissement de l\u2019acc\u00e8s \u00e0 une \u00e9ducation innovante et la mise en place d\u2019un syst\u00e8me de suivi et d\u2019\u00e9valuation, garantissant la qualit\u00e9 des enseignements et des r\u00e9sultats.<br \/>\nLe projet vise surtout les jeunes qui ont abandonn\u00e9 le syst\u00e8me scolaire ou qui n\u2019ont jamais eu acc\u00e8s \u00e0 l\u2019\u00e9cole. Ils seraient 850 000 jeunes dont 50% de filles \u00e0 devoir b\u00e9n\u00e9ficier de ce projet \u00e9largi aux populations nomades et r\u00e9fugi\u00e9es.<br \/>\nLes repr\u00e9sentants des deux pays \u00e0 la c\u00e9r\u00e9monie inaugurale ont rappel\u00e9 l\u2019engagement de leurs gouvernements respectifs. Ainsi pour le ministre mauritanien de l\u2019\u00c9conomie et des Finances, Sidi Ahmed Ould Bouh ce projet cadrerait avec la vision du pr\u00e9sident Mohamed Ould Cheikh El Ghazouani, qui \u0153uvre pour une \u00ab \u00e9cole r\u00e9publicaine\u00bb, inclusive et fond\u00e9e sur les valeurs de citoyennet\u00e9 et de diversit\u00e9.<br \/>\nLa ministre tchadienne d\u00e9l\u00e9gu\u00e9e \u00e0 l\u2019\u00c9conomie et \u00e0 la Planification, Fatima Haram , quant \u00e0 elle, elle d\u00e9clar\u00e9 que ce projet constitue une r\u00e9ponse politique et morale \u00e0 l\u2019urgence \u00e9ducative, tout en r\u00e9affirmant l\u2019engagement de son pays \u00e0 am\u00e9liorer la gouvernance du secteur.<br \/>\nCe projet pilote est scrut\u00e9 avec l\u2019\u0153il vigilent de la BM dont le vice-pr\u00e9sident pour l\u2019Afrique de l\u2019Ouest et du Centre, le mauritanien, Ousmane Diagana, a rappel\u00e9 que les deux pays comptent \u00e0 eux seuls 5,1 millions de jeunes non scolaris\u00e9s. Il a exhort\u00e9 \u00e0 des mesures urgentes pour infl\u00e9chir cette tendance assurant que si rien n\u2019\u00e9tait fait 20 % d\u2019ici 2030 ne profiteront pas de l\u2019enseignement dans les pays ;<br \/>\nA noter que la c\u00e9r\u00e9monie \u00e9t\u00e9 organis\u00e9e en pr\u00e9sence de plusieurs ministres mauritaniens et tchadiens, de l\u2019ambassadeur d\u2019Allemagne, Florian Reindel, ainsi que de nombreux partenaires techniques et financiers. Tous ont salu\u00e9 le caract\u00e8re innovant et structurant du projet Envol du Sahel, qui pourrait servir de mod\u00e8le pour d\u2019autres pays de la r\u00e9gion.<br \/>\ncompte rendu<\/p>\n","protected":false},"excerpt":{"rendered":"<p>La Mauritanie et le Tchad ont officiellement lanc\u00e9 ce mardi \u00e0 Nouakchott le projet r\u00e9gional \u00abRelancel du Sahel \u00bb, une initiative destin\u00e9e \u00e0 renforcer l\u2019acc\u00e8s \u00e0 l\u2019\u00e9ducation des jeunes marginalis\u00e9s, notamment dans les zones rurales et d\u00e9favoris\u00e9es. Ce programme s\u2019inscrit dans une dynamique r\u00e9gionale soutenue par la Banque mondiale et l\u2019Allemagne. Le projet, financ\u00e9 \u00e0 &hellip;<\/p>\n","protected":false},"author":2,"featured_media":17047,"comment_status":"open","ping_status":"open","sticky":false,"template":"","format":"standard","meta":{"footnotes":""},"categories":[18,29],"tags":[],"class_list":["post-17049","post","type-post","status-publish","format-standard","has-post-thumbnail","hentry","category-actualites","category-monde"],"_links":{"self":[{"href":"https:\/\/ladepeche.mr\/index.php?rest_route=\/wp\/v2\/posts\/17049","targetHints":{"allow":["GET"]}}],"collection":[{"href":"https:\/\/ladepeche.mr\/index.php?rest_route=\/wp\/v2\/posts"}],"about":[{"href":"https:\/\/ladepeche.mr\/index.php?rest_route=\/wp\/v2\/types\/post"}],"author":[{"embeddable":true,"href":"https:\/\/ladepeche.mr\/index.php?rest_route=\/wp\/v2\/users\/2"}],"replies":[{"embeddable":true,"href":"https:\/\/ladepeche.mr\/index.php?rest_route=%2Fwp%2Fv2%2Fcomments&post=17049"}],"version-history":[{"count":1,"href":"https:\/\/ladepeche.mr\/index.php?rest_route=\/wp\/v2\/posts\/17049\/revisions"}],"predecessor-version":[{"id":17050,"href":"https:\/\/ladepeche.mr\/index.php?rest_route=\/wp\/v2\/posts\/17049\/revisions\/17050"}],"wp:featuredmedia":[{"embeddable":true,"href":"https:\/\/ladepeche.mr\/index.php?rest_route=\/wp\/v2\/media\/17047"}],"wp:attachment":[{"href":"https:\/\/ladepeche.mr\/index.php?rest_route=%2Fwp%2Fv2%2Fmedia&parent=17049"}],"wp:term":[{"taxonomy":"category","embeddable":true,"href":"https:\/\/ladepeche.mr\/index.php?rest_route=%2Fwp%2Fv2%2Fcategories&post=17049"},{"taxonomy":"post_tag","embeddable":true,"href":"https:\/\/ladepeche.mr\/index.php?rest_route=%2Fwp%2Fv2%2Ftags&post=17049"}],"curies":[{"name":"wp","href":"https:\/\/api.w.org\/{rel}","templated":true}]}}